{"id":70084,"date":"2009-04-29T22:43:00","date_gmt":"2009-04-29T22:43:00","guid":{"rendered":"http:\/\/diariodominicano.ddns.net\/?p=70084"},"modified":"2009-04-29T22:43:00","modified_gmt":"2009-04-29T22:43:00","slug":"invitan-a-ver-produccion-cinematografica-la-tierra","status":"publish","type":"post","link":"https:\/\/diariodominicano.com\/?p=70084","title":{"rendered":"Invitan a ver producci\u00f3n cinematogr\u00e1fica la tierra"},"content":{"rendered":"<p><body><\/p>\n<p><img decoding=\"async\" src=\"img3\/terre.jpg\" \/>  <\/p>\n<p><span class=\"text1noticias\">El Campamento de Robert Luis y Telesistema 11 invita a sus amigos y relacionados preocupados por el medio ambiente y la conservaci\u00f3n de los recursos naturales a deleitarse junto a sus hijos con la extraordinaria producci\u00f3n cinematogr\u00e1fica ?La Tierra?, en una funci\u00f3n especial, este s\u00e1bado 2 de mayo a las 5:00 pm en Caribbean Cinemas, de Diamond Mall.<\/span><\/p>\n<\/p>\n<p><span class=\"text1noticias\">Tendremos la oportunidad de realizar un fascinante viaje en el que conoceremos la vida de diversas especies en peligro de extinci\u00f3n por el calentamiento global, espectaculares escenas filmadas en el Polo Norte, la Ant\u00e1rtida, la cima del Monte Everest e impresionantes oc\u00e9anos. <\/span><\/p>\n<\/p>\n<p><span class=\"text1noticias\">La serie tard\u00f3 5 a\u00f1os en rodarse, con m\u00e1s de 200 locaciones en 26 pa\u00edses, y nada menos que 250 d\u00edas de fotograf\u00eda a\u00e9rea. Es un impresionante trabajo que logra mostrar con todo esplendor la belleza del reino animal y su progresivo y preocupante peligro de desaparici\u00f3n.<\/span><\/p>\n<\/p>\n<p><span class=\"text1noticias\">Dirigida por los veteranos documentalistas Alastair Fothergill y Mark Linfield.<\/span><\/p>\n<\/p>\n<p><span class=\"text1noticias\">La proyecci\u00f3n de esta obra de arte busca despertar en los ni\u00f1os un verdadero amor por nuestro planeta Tierra, quien es el protagonista de este film.<\/span><\/p>\n<h6> 2009-04-29 22:43:00 <\/h6>\n<p><!--\n<link rel=\"stylesheet\" href=\"css\/bootstrap.min.css\">\n\n\n<ul class=\"pagination\">\n\t    \n\t\n\n<li >\n\t<a href='?page_no=21761'>Previous<\/a>\n\t<\/li>\n\n\n       \n    \n\n<li><a href='?page_no=1'>1<\/a><\/li>\n\n\n\n<li><a href='?page_no=2'>2<\/a><\/li>\n\n\n\n<li><a>...<\/a><\/li>\n\n\n\n<li><a href='?page_no=21760'>21760<\/a><\/li>\n\n\n\n<li><a href='?page_no=21761'>21761<\/a><\/li>\n\n\n\n<li class='active'><a>21762<\/a><\/li>\n\n\n\n<li><a href='?page_no=21763'>21763<\/a><\/li>\n\n\n\n<li><a href='?page_no=21764'>21764<\/a><\/li>\n\n\n\n<li><a>...<\/a><\/li>\n\n\n\n<li><a href='?page_no=22911'>22911<\/a><\/li>\n\n\n\n<li><a href='?page_no=22912'>22912<\/a><\/li>\n\n    \n\t\n\n<li >\n\t<a href='?page_no=21763'>Next<\/a>\n\t<\/li>\n\n\n    \n\n<li><a href='?page_no=22912'>Last &rsaquo;&rsaquo;<\/a><\/li>\n\n<\/ul>\n\n\n--><br \/>\n<\/body><\/p>\n","protected":false},"excerpt":{"rendered":"<p>El Campamento de Robert Luis y Telesistema 11 invita a sus amigos y relacionados preocupados por el medio ambiente y la conservaci\u00f3n de los recursos naturales a deleitarse junto a sus hijos con la extraordinaria producci\u00f3n cinematogr\u00e1fica ?La Tierra?, en una funci\u00f3n especial, este s\u00e1bado 2 de mayo a las 5:00 pm en Caribbean Cinemas, [&hellip;]<\/p>\n","protected":false},"author":3,"featured_media":0,"comment_status":"open","ping_status":"open","sticky":false,"template":"","format":"standard","meta":{"footnotes":""},"categories":[21],"tags":[],"class_list":["post-70084","post","type-post","status-publish","format-standard","hentry","category-cultura"],"_links":{"self":[{"href":"https:\/\/diariodominicano.com\/index.php?rest_route=\/wp\/v2\/posts\/70084","targetHints":{"allow":["GET"]}}],"collection":[{"href":"https:\/\/diariodominicano.com\/index.php?rest_route=\/wp\/v2\/posts"}],"about":[{"href":"https:\/\/diariodominicano.com\/index.php?rest_route=\/wp\/v2\/types\/post"}],"author":[{"embeddable":true,"href":"https:\/\/diariodominicano.com\/index.php?rest_route=\/wp\/v2\/users\/3"}],"replies":[{"embeddable":true,"href":"https:\/\/diariodominicano.com\/index.php?rest_route=%2Fwp%2Fv2%2Fcomments&post=70084"}],"version-history":[{"count":0,"href":"https:\/\/diariodominicano.com\/index.php?rest_route=\/wp\/v2\/posts\/70084\/revisions"}],"wp:attachment":[{"href":"https:\/\/diariodominicano.com\/index.php?rest_route=%2Fwp%2Fv2%2Fmedia&parent=70084"}],"wp:term":[{"taxonomy":"category","embeddable":true,"href":"https:\/\/diariodominicano.com\/index.php?rest_route=%2Fwp%2Fv2%2Fcategories&post=70084"},{"taxonomy":"post_tag","embeddable":true,"href":"https:\/\/diariodominicano.com\/index.php?rest_route=%2Fwp%2Fv2%2Ftags&post=70084"}],"curies":[{"name":"wp","href":"https:\/\/api.w.org\/{rel}","templated":true}]}}