{"id":70081,"date":"2009-05-01T15:07:35","date_gmt":"2009-05-01T15:07:35","guid":{"rendered":"http:\/\/diariodominicano.ddns.net\/?p=70081"},"modified":"2009-05-01T15:07:35","modified_gmt":"2009-05-01T15:07:35","slug":"gran-festival-de-danza-joven-2009-en-feria-del-libro","status":"publish","type":"post","link":"https:\/\/diariodominicano.com\/?p=70081","title":{"rendered":"Gran Festival de Danza Joven 2009 en Feria del Libro"},"content":{"rendered":"<p><body><\/p>\n<p><img decoding=\"async\" src=\"img3\/danza.jpg\" \/>  <\/p>\n<p><span class=\"text1noticias\">Con la participaci\u00f3n de unos 40 grupos de j\u00f3venes se celebr\u00f3 el D\u00eda Nacional de la Danza, en la XII Feria Internacional del Libro Santo Domingo 2009, donde se llev\u00f3 a cabo en la tarima principal de estac\u00e1culos el ?VIII Festival de Danza Joven 2009?, bajo la direcci\u00f3n de Edmundo Poy.<\/span><\/p>\n<\/p>\n<p><span class=\"text1noticias\">El ?Festival de Danza Joven 2009? cont\u00f3 con un jurado compuesto por; Cherezade Vicioso (Chiqui), Polibio D\u00edaz, Juan Trinidad, Clodomiro Moquete, Rex Moser, Emilie Pierard y Marcelo Ferder, quienes seleccionaron los ganadores en las categor\u00edas de Arte Contempor\u00e1neo, Afro, Neocl\u00e1sico, Jazz y Hip Hop. <\/span><\/p>\n<\/p>\n<p><span class=\"text1noticias\">Durante el acto, en  la disciplina  de Arte Neocl\u00e1sico, el primer lugar los obtuvo el Ballet Teatro Dominicano con la pieza ?I me sent\u00e9 en el borde?, Karla Gaucha; el segundo lugar fue para  la Escuela Nacional de Danza con ?Chenche Matriculado?, Alvis Guzm\u00e1n;  y el tercero lo recibi\u00f3 el grupo ?4 en Uno?, con la muestra ?Eclipse?, coreograf\u00eda de Alex Segura. <\/span><\/p>\n<\/p>\n<p><span class=\"text1noticias\">En la categor\u00eda de Arte Contempor\u00e1neo el primer y tercer lugar correspondi\u00f3 a la Escuela Nacional de Danza con la pieza ?Gritos?, bajo la coreograf\u00eda de Jorge Rubens y la muestra ?Reverso?, de Tatiana Mej\u00eda; mientras que el segundo lo recibi\u00f3 el grupo de Normair espacios de Danza, con  ?Despojos?,  de  Jeovanny Lokward.<\/span><\/p>\n<\/p>\n<p><span class=\"text1noticias\">En Afro,  la Escuela Nacional de Danza  obtuvo dos galardones: el primero  con la muestra del baile ?Var\u00f3n del Cementerio?, coreograf\u00eda de Daym\u00e9 del Toro;  el segundo con la pieza ?Pa lo Monte?, un montaje de Manuela F\u00e9lix; mientras que el tercero fue para el Teatro Popular Danzante, un baile de Cenia Rodr\u00edguez.  <\/span><\/p>\n<\/p>\n<p><span class=\"text1noticias\">El evento, que se realiz\u00f3 en el Teatro de Arena Juan Lokward de la Plaza de la Cultura,  logr\u00f3 reunir los m\u00e1s destacados grupos de danza contempor\u00e1nea del pa\u00eds en un mismo escenario, donde la destreza, la buena coordinaci\u00f3n y la creatividad se unieron para celebrar por todo lo alto su gran d\u00eda.<\/span><\/p>\n<h6> 2009-05-01 15:07:35 <\/h6>\n<p><!--\n<link rel=\"stylesheet\" href=\"css\/bootstrap.min.css\">\n\n\n<ul class=\"pagination\">\n\t    \n\t\n\n<li >\n\t<a href='?page_no=21758'>Previous<\/a>\n\t<\/li>\n\n\n       \n    \n\n<li><a href='?page_no=1'>1<\/a><\/li>\n\n\n\n<li><a href='?page_no=2'>2<\/a><\/li>\n\n\n\n<li><a>...<\/a><\/li>\n\n\n\n<li><a href='?page_no=21757'>21757<\/a><\/li>\n\n\n\n<li><a href='?page_no=21758'>21758<\/a><\/li>\n\n\n\n<li class='active'><a>21759<\/a><\/li>\n\n\n\n<li><a href='?page_no=21760'>21760<\/a><\/li>\n\n\n\n<li><a href='?page_no=21761'>21761<\/a><\/li>\n\n\n\n<li><a>...<\/a><\/li>\n\n\n\n<li><a href='?page_no=22911'>22911<\/a><\/li>\n\n\n\n<li><a href='?page_no=22912'>22912<\/a><\/li>\n\n    \n\t\n\n<li >\n\t<a href='?page_no=21760'>Next<\/a>\n\t<\/li>\n\n\n    \n\n<li><a href='?page_no=22912'>Last &rsaquo;&rsaquo;<\/a><\/li>\n\n<\/ul>\n\n\n--><br \/>\n<\/body><\/p>\n","protected":false},"excerpt":{"rendered":"<p>Con la participaci\u00f3n de unos 40 grupos de j\u00f3venes se celebr\u00f3 el D\u00eda Nacional de la Danza, en la XII Feria Internacional del Libro Santo Domingo 2009, donde se llev\u00f3 a cabo en la tarima principal de estac\u00e1culos el ?VIII Festival de Danza Joven 2009?, bajo la direcci\u00f3n de Edmundo Poy. El ?Festival de Danza [&hellip;]<\/p>\n","protected":false},"author":3,"featured_media":0,"comment_status":"open","ping_status":"open","sticky":false,"template":"","format":"standard","meta":{"footnotes":""},"categories":[21],"tags":[],"class_list":["post-70081","post","type-post","status-publish","format-standard","hentry","category-cultura"],"_links":{"self":[{"href":"https:\/\/diariodominicano.com\/index.php?rest_route=\/wp\/v2\/posts\/70081","targetHints":{"allow":["GET"]}}],"collection":[{"href":"https:\/\/diariodominicano.com\/index.php?rest_route=\/wp\/v2\/posts"}],"about":[{"href":"https:\/\/diariodominicano.com\/index.php?rest_route=\/wp\/v2\/types\/post"}],"author":[{"embeddable":true,"href":"https:\/\/diariodominicano.com\/index.php?rest_route=\/wp\/v2\/users\/3"}],"replies":[{"embeddable":true,"href":"https:\/\/diariodominicano.com\/index.php?rest_route=%2Fwp%2Fv2%2Fcomments&post=70081"}],"version-history":[{"count":0,"href":"https:\/\/diariodominicano.com\/index.php?rest_route=\/wp\/v2\/posts\/70081\/revisions"}],"wp:attachment":[{"href":"https:\/\/diariodominicano.com\/index.php?rest_route=%2Fwp%2Fv2%2Fmedia&parent=70081"}],"wp:term":[{"taxonomy":"category","embeddable":true,"href":"https:\/\/diariodominicano.com\/index.php?rest_route=%2Fwp%2Fv2%2Fcategories&post=70081"},{"taxonomy":"post_tag","embeddable":true,"href":"https:\/\/diariodominicano.com\/index.php?rest_route=%2Fwp%2Fv2%2Ftags&post=70081"}],"curies":[{"name":"wp","href":"https:\/\/api.w.org\/{rel}","templated":true}]}}