{"id":70080,"date":"2009-05-01T17:33:37","date_gmt":"2009-05-01T17:33:37","guid":{"rendered":"http:\/\/diariodominicano.ddns.net\/?p=70080"},"modified":"2009-05-01T17:33:37","modified_gmt":"2009-05-01T17:33:37","slug":"debatiran-en-forum-situacion-actual-del-cine-espanol","status":"publish","type":"post","link":"https:\/\/diariodominicano.com\/?p=70080","title":{"rendered":"DEBATIRAN EN FORUM SITUACION ACTUAL DEL CINE ESPA\u00d1OL"},"content":{"rendered":"<p><body><\/p>\n<p><span class=\"text1noticias\">Jon Apaolaza, director de Noticine, impartir\u00e1 una conferencia sobre: ?Panorama actual del Cine Espa\u00f1ol y el Cine Europeo?, dentro del ciclo de conferencias organizadas por el Forum Internacional del Cine, edici\u00f3n 2009, el pr\u00f3ximo d\u00eda 6 de mayo a las 7:00 PM, en la Quinta Dominica , sito C\/ Padre Billini 202, Zona Colonial<\/span><\/p>\n<\/p>\n<p><span class=\"text1noticias\">Jon    Apaolaza, es periodista cinematogr\u00e1fico con 25 a\u00f1os de experiencia en prensa diaria, agencias, revistas y radio, especializado en cine europeo y espa\u00f1ol. Ha sido asesor en programaci\u00f3n y prensa de varios festivales de cine y dirigi\u00f3 el Iberoamericano de Huelva en 1998. En 1997 fue  fundador y director de ?Claqueta?, primer semanario de cine latinoamericano y espa\u00f1ol en Internet. Desde el 2001, es el director y editor de  NOTICINE.com. <\/span><\/p>\n<\/p>\n<p><span class=\"text1noticias\">El Forum internacional del cine tiene varios especialistas espa\u00f1oles integrados en su primera edici\u00f3n de este a\u00f1o 2009, entre ellos Pilar Aguilar y Pilar Vicente Foronda, que en el de julio trataran el tema de la mujer en el cine espa\u00f1ol; Ramiro Crist\u00f3bal, que en el mes de  agosto hablar\u00e1 sobre las historia de los festivales de cine europeos y Jon Apaolaza, quien en esta ocasi\u00f3n  har\u00e1 un recorrido por todo lo que ha sido el cine espa\u00f1ol, despu\u00e9s de la transici\u00f3n pol\u00edtica espa\u00f1ola, iniciada a ra\u00edz de la muerte del dictador Francisco Franco, el 20 de noviembre de 1975, el cine espa\u00f1ol ha cruzado etapas cruciales en su desarrollo. Desde la herencia o la continuidad de los cineastas del franquismo, como Carlos Saura, el productor El\u00edas Querejeta, Berlanga&#8230; hasta Almod\u00f3var, Amen\u00e1bar, Medem y los nuevos talentos que pugnan por tener una continuidad en su carrera.<\/span><\/p>\n<h6> 2009-05-01 17:33:37 <\/h6>\n<p><!--\n<link rel=\"stylesheet\" href=\"css\/bootstrap.min.css\">\n\n\n<ul class=\"pagination\">\n\t    \n\t\n\n<li >\n\t<a href='?page_no=21757'>Previous<\/a>\n\t<\/li>\n\n\n       \n    \n\n<li><a href='?page_no=1'>1<\/a><\/li>\n\n\n\n<li><a href='?page_no=2'>2<\/a><\/li>\n\n\n\n<li><a>...<\/a><\/li>\n\n\n\n<li><a href='?page_no=21756'>21756<\/a><\/li>\n\n\n\n<li><a href='?page_no=21757'>21757<\/a><\/li>\n\n\n\n<li class='active'><a>21758<\/a><\/li>\n\n\n\n<li><a href='?page_no=21759'>21759<\/a><\/li>\n\n\n\n<li><a href='?page_no=21760'>21760<\/a><\/li>\n\n\n\n<li><a>...<\/a><\/li>\n\n\n\n<li><a href='?page_no=22911'>22911<\/a><\/li>\n\n\n\n<li><a href='?page_no=22912'>22912<\/a><\/li>\n\n    \n\t\n\n<li >\n\t<a href='?page_no=21759'>Next<\/a>\n\t<\/li>\n\n\n    \n\n<li><a href='?page_no=22912'>Last &rsaquo;&rsaquo;<\/a><\/li>\n\n<\/ul>\n\n\n--><br \/>\n<\/body><\/p>\n","protected":false},"excerpt":{"rendered":"<p>Jon Apaolaza, director de Noticine, impartir\u00e1 una conferencia sobre: ?Panorama actual del Cine Espa\u00f1ol y el Cine Europeo?, dentro del ciclo de conferencias organizadas por el Forum Internacional del Cine, edici\u00f3n 2009, el pr\u00f3ximo d\u00eda 6 de mayo a las 7:00 PM, en la Quinta Dominica , sito C\/ Padre Billini 202, Zona Colonial Jon [&hellip;]<\/p>\n","protected":false},"author":3,"featured_media":0,"comment_status":"open","ping_status":"open","sticky":false,"template":"","format":"standard","meta":{"footnotes":""},"categories":[21],"tags":[],"class_list":["post-70080","post","type-post","status-publish","format-standard","hentry","category-cultura"],"_links":{"self":[{"href":"https:\/\/diariodominicano.com\/index.php?rest_route=\/wp\/v2\/posts\/70080","targetHints":{"allow":["GET"]}}],"collection":[{"href":"https:\/\/diariodominicano.com\/index.php?rest_route=\/wp\/v2\/posts"}],"about":[{"href":"https:\/\/diariodominicano.com\/index.php?rest_route=\/wp\/v2\/types\/post"}],"author":[{"embeddable":true,"href":"https:\/\/diariodominicano.com\/index.php?rest_route=\/wp\/v2\/users\/3"}],"replies":[{"embeddable":true,"href":"https:\/\/diariodominicano.com\/index.php?rest_route=%2Fwp%2Fv2%2Fcomments&post=70080"}],"version-history":[{"count":0,"href":"https:\/\/diariodominicano.com\/index.php?rest_route=\/wp\/v2\/posts\/70080\/revisions"}],"wp:attachment":[{"href":"https:\/\/diariodominicano.com\/index.php?rest_route=%2Fwp%2Fv2%2Fmedia&parent=70080"}],"wp:term":[{"taxonomy":"category","embeddable":true,"href":"https:\/\/diariodominicano.com\/index.php?rest_route=%2Fwp%2Fv2%2Fcategories&post=70080"},{"taxonomy":"post_tag","embeddable":true,"href":"https:\/\/diariodominicano.com\/index.php?rest_route=%2Fwp%2Fv2%2Ftags&post=70080"}],"curies":[{"name":"wp","href":"https:\/\/api.w.org\/{rel}","templated":true}]}}