{"id":70079,"date":"2009-05-01T18:33:59","date_gmt":"2009-05-01T18:33:59","guid":{"rendered":"http:\/\/diariodominicano.ddns.net\/?p=70079"},"modified":"2009-05-01T18:33:59","modified_gmt":"2009-05-01T18:33:59","slug":"cientos-de-personas-visitan-diariamente-pabellon-de-juan-bosch-en-la-feria-del-libro","status":"publish","type":"post","link":"https:\/\/diariodominicano.com\/?p=70079","title":{"rendered":"Cientos de personas visitan diariamente Pabell\u00f3n de Juan Bosch en la Feria del Libro"},"content":{"rendered":"<p><body><\/p>\n<p><img decoding=\"async\" src=\"http:\/\/localhost:8080\/img3\/bochi.jpg\" \/>  <\/p>\n<p><span class=\"text1noticias\">Figuras del arte y la pol\u00edtica nacional e internacional, as\u00ed como profesionales, estudiantes y p\u00fablico en general han visitado este pabell\u00f3n de la XII Feria Internacional del Libro, en el que se concentra y se exhibe un interesante legado cultural y literario.<\/span><\/p>\n<p><span class=\"text1noticias\"> <\/span><\/p>\n<p><span class=\"text1noticias\">Juan Bosch. \u00bfCu\u00e1l ciudadano dominicano no ha o\u00eddo siquiera escuchar este nombre? \u00bfQui\u00e9n, alguna vez, no ha hojeado alguna de sus obras o ha tenido la oportunidad de conocer aspectos de su legado literario, historiogr\u00e1fico, sociol\u00f3gico, cultural y pol\u00edtico?. Para muchos represent\u00f3 la dominicanidad hecha cuento, para otros el l\u00edder admirado e imitado, aquel que dej\u00f3 en la memoria colectiva la imagen de la integridad, de la honestidad, de la coherencia y la lealtad a los principios morales y \u00e9ticos.<\/span><\/p>\n<p><span class=\"text1noticias\"> <\/span><\/p>\n<p><span class=\"text1noticias\">Este a\u00f1o se cumple el centenario del nacimiento de este importante hombre de la literatura y la pol\u00edtica nacional. Por tal motivo, la XII Feria Internacional del Libro se realiza en homenaje a su figura, como una manera de mantener inalterable su memoria y de dar a conocer al mundo la trascendente ense\u00f1anza que dej\u00f3 a las presentes y futuras generaciones.<\/span><\/p>\n<p><span class=\"text1noticias\"> <\/span><\/p>\n<p><span class=\"text1noticias\">Pero un homenaje no se hace palpable si en el escenario en que se realiza no se destina un espacio para exhibir el legado del homenajeado. En esta Fiesta del Libro, como parte de sus importantes atractivos, la Secretar\u00eda de Estado de Cultura, en conjunto con la Fundaci\u00f3n Juan Bosch, ha creado un pabell\u00f3n que, al entrar, nos hace sentir como si su alma estuviera all\u00ed, dispuesta a compartir con los visitantes pinceladas de su vida, de su historia, de aquellos momentos que lo catapultaron como uno de los l\u00edderes y escritores m\u00e1s venerados y recordados por los latinoamericanos.<\/span><\/p>\n<p><span class=\"text1noticias\"> <\/span><\/p>\n<p><span class=\"text1noticias\">En este espacio, con dise\u00f1o y estructura caracterizados por la comodidad y la funcionalidad, siendo la primera vez que se dedica un \u00e1rea individual exclusiva para la figura homenajeada de la Feria, se muestran importantes elementos que formaron parte de su existencia y que representan sus ideales y su modus vivendi. Su silla, su m\u00e1quina de escribir y los escudos utilizados en su funeral, son algunas de las piezas que se exhiben al p\u00fablico y que merecen ser vistas porque propician que el visitante conozca el lado humano de Juan Bosch..<\/span><\/p>\n<p><span class=\"text1noticias\"> <\/span><\/p>\n<p><span class=\"text1noticias\">Adem\u00e1s, en el mismo se encuentra un mural que contiene frases de l\u00edderes pol\u00edticos y escritores, como es el caso de Hugo Ch\u00e1vez, Fidel Castro, Gabriel Garc\u00eda M\u00e1rquez, Pablo Neruda y Julio Cort\u00e1zar, quienes en dichas frases profesan hacia Bosch su admiraci\u00f3n y respeto, as\u00ed como lo que, a su juicio, representa su figura en la historia nacional y mundial. ?Cuentos escritos en el exilio?, ?Cuentos escritos antes del exilio?, ?La Ma\u00f1osa?, ?Judas Iscariote? y ?El oro y la paz? son algunos de los libros de Bosch que se encuentran a la venta en el pabell\u00f3n.<\/span><\/p>\n<p><span class=\"text1noticias\"> <\/span><\/p>\n<p><span class=\"text1noticias\">H\u00e9ctor Lu\u00eds Mart\u00ednez, Coordinador del Pabell\u00f3n, manifest\u00f3 que para la Secretar\u00eda de Estado de Cultura es una ocasi\u00f3n muy especial, por tratarse del centenario de Juan Bosch, ya que  la creaci\u00f3n de este pabell\u00f3n representa una oportunidad para difundir y promover el ideario de esta figura que recoge los m\u00e1s altos valores \u00e9ticos y morales.<\/span><\/p>\n<p><span class=\"text1noticias\"> <\/span><\/p>\n<p><span class=\"text1noticias\">Manifest\u00f3, adem\u00e1s, que entre los elementos que han causado mayor inter\u00e9s entre los visitantes, cabe destacar las pinturas del artista Miguel N\u00fa\u00f1ez, que son retratos de Bosch en compa\u00f1\u00eda con Juan Pablo Duarte y Eugenio Mar\u00eda de Hostos, siendo este \u00faltimo el que m\u00e1s influy\u00f3 en el pensamiento y obra del homenajeado. Adem\u00e1s, para los bibli\u00f3filos y coleccionistas se encuentran a disposici\u00f3n primeras ediciones de sus obras.<\/span><\/p>\n<p><span class=\"text1noticias\"> <\/span><\/p>\n<p><span class=\"text1noticias\">Agreg\u00f3 Mart\u00ednez que cientos de personas visitan cada d\u00eda este pabell\u00f3n, entre ellos estudiantes, profesores, intelectuales, pol\u00edticos y p\u00fablico en general, quienes van en busca de aumentar sus conocimientos en torno a la bibliograf\u00eda de este dominicano excepcional a quien lo han acogido como suyo, en especial los fieles lectores de sus obras. Para hacer esto posible, los coordinadores proyectan constantemente documentales sobre su obra, entrevistas que se le hicieran en vida, segmentos de cuentos le\u00eddos por \u00e9l, as\u00ed como tambi\u00e9n la exhibici\u00f3n y venta de obras literarias de su autor\u00eda.<\/span><\/p>\n<p><span class=\"text1noticias\"> <\/span><\/p>\n<p><span class=\"text1noticias\">La Primera Dama Margarita Cede\u00f1o de Fern\u00e1ndez, Carmen Quidiello de Bosch, as\u00ed como pol\u00edticos y miembros del cuerpo diplom\u00e1tico acreditado en el pa\u00eds, son algunas de las personalidades que han hecho acto de presencia en este pabell\u00f3n. Fotograf\u00edas de Bosch con importantes figuras mientras se encontraba en el exilio son atractivos que llaman la atenci\u00f3n de los visitantes y lo remontan a una importante \u00e9poca que muestra diferentes aspectos de la vida nacional en la que este literato fue uno de los principales protagonistas. El Presidente Leonel Fern\u00e1ndez y el presentador de televisi\u00f3n Freddy Beras Goico, entre otros, le acompa\u00f1an tambi\u00e9n en algunas de estas im\u00e1genes para la historia.<\/span><\/p>\n<p><span class=\"text1noticias\"> <\/span><\/p>\n<p><span class=\"text1noticias\">Biograf\u00eda <\/span><\/p>\n<p><span class=\"text1noticias\"> <\/span><\/p>\n<p><span class=\"text1noticias\">Juan Bosch, pol\u00edtico y escritor dominicano nacido en La Vega en 1909. Cuando Trujillo alcanz\u00f3 la presidencia del pa\u00eds en 1930, Bosch fue acusado de conspiraci\u00f3n contra el nuevo r\u00e9gimen y pas\u00f3 alg\u00fan tiempo encarcelado. Recuperada la libertad, ingres\u00f3 como empleado en la Oficina Nacional de Estad\u00edstica, pero en 1937 renunci\u00f3 a su puesto y abandon\u00f3 la Rep\u00fablica Dominicana para instalarse en Puerto Rico.<\/span><\/p>\n<p><span class=\"text1noticias\"> <\/span><\/p>\n<p><span class=\"text1noticias\">All\u00ed se uni\u00f3 a la lucha antitrujillista y, junto a otros exiliados, fund\u00f3 el Partido Revolucionario Dominicano (PRD) en 1939. Viaj\u00f3 a Cuba y en la isla desarroll\u00f3 una actividad pol\u00edtica de gran relevancia que le llev\u00f3 a ocupar el cargo de secretario particular del presidente Pr\u00edo Socarr\u00e1s. Cuando en 1959 la revoluci\u00f3n castrista lleg\u00f3 a La Habana, Bosch abandon\u00f3 Cuba y se instal\u00f3 en Costa Rica.<\/span><\/p>\n<p><span class=\"text1noticias\"> <\/span><\/p>\n<p><span class=\"text1noticias\">Confirmado el asesinato del dictador Trujillo en una emboscada, Bosch regres\u00f3 a su pa\u00eds en octubre de 1961 y dedic\u00f3 sus esfuerzos a impulsar el desarrollo del Partido Revolucionario Dominicano, con el que acudi\u00f3 a la cita electoral de 1962 y consigui\u00f3 proclamarse presidente de la Rep\u00fablica. Tom\u00f3 posesi\u00f3n de la m\u00e1s alta magistratura del pa\u00eds el 27 de febrero de 1963 y, con el apoyo del Partido Comunista, abraz\u00f3 un ambicioso programa de reformas. La Iglesia y la embajada de Estados Unidos encabezaron entonces una dura campa\u00f1a de oposici\u00f3n a su programa que, siete meses despu\u00e9s, provoc\u00f3 la ca\u00edda de Bosch y la asunci\u00f3n al poder por parte de un triunvirato militar.<\/span><\/p>\n<p><span class=\"text1noticias\"> <\/span><\/p>\n<p><span class=\"text1noticias\">Deportado a Puerto Rico, mantuvo contacto permanente con las fuerzas pol\u00edticas de su partido y busc\u00f3 apoyo militar en los sectores j\u00f3venes del ej\u00e9rcito para orquestar un movimiento armado contra el gobierno golpista dirigido por Reid Cabral. El levantamiento en los cuarteles se transform\u00f3 el 24 de abril de 1965 en una revuelta popular que provoc\u00f3 la inmediata intervenci\u00f3n militar de Estados Unidos. La contienda, en la que perdieron la vida m\u00e1s de cinco mil dominicanos, termin\u00f3 con un acuerdo negociado que instaur\u00f3 en el Palacio Nacional al gobierno provisional de Garc\u00eda Godoy en septiembre de aquel mismo a\u00f1o.<\/span><\/p>\n<p><span class=\"text1noticias\"> <\/span><\/p>\n<p><span class=\"text1noticias\">En 1966, Bosch volvi\u00f3 a presentarse a las elecciones presidenciales, pero cay\u00f3 derrotado ante Joaqu\u00edn Balaguer. Al iniciarse la d\u00e9cada de 1970, retom\u00f3 la iniciativa pol\u00edtica con la fundaci\u00f3n del Partido de la Liberaci\u00f3n Dominicana (PLD), formaci\u00f3n de inspiraci\u00f3n marxista con la que acudi\u00f3 a las citas electorales de 1978, en las que apenas consigui\u00f3 respaldo popular, y de 1982, a\u00f1o en el que obtuvo seis diputados en el parlamento dominicano y el control municipal en m\u00e1s de veinte ayuntamientos del pa\u00eds. Los comicios de 1986 significaron un nuevo espaldarazo para Bosch y su partido contabiliz\u00f3 16 esca\u00f1os, aunque la victoria cay\u00f3 nuevamente del lado de su viejo enemigo pol\u00edtico y l\u00edder del Partido Reformista, Joaqu\u00edn Balaguer.<\/span><\/p>\n<p><span class=\"text1noticias\"> <\/span><\/p>\n<p><span class=\"text1noticias\">Cuatro a\u00f1os m\u00e1s tarde, ambos adversarios volvieron a competir en las urnas para ocupar el Palacio Nacional y, una vez m\u00e1s, Bosch qued\u00f3 apartado de la presidencia en un proceso marcado por las irregularidades. Su \u00faltimo intento de tomar el poder lleg\u00f3 en 1994 y fracas\u00f3 de nuevo en unos comicios que los observadores internacionales denunciaron como fraudulentos. La crisis pol\u00edtica desatada tras las elecciones provoc\u00f3 una reforma constitucional que limitaba a dos a\u00f1os el nuevo mandato de Balaguer y prohib\u00eda expresamente la reelecci\u00f3n presidencial.<\/span><\/p>\n<p><span class=\"text1noticias\"> <\/span><\/p>\n<p><span class=\"text1noticias\">Juan Bosch fue un apasionado de las letras desde su juventud y cultiv\u00f3 la disciplina literaria en forma de cuentos y relatos breves para introducirse, despu\u00e9s, en el g\u00e9nero de la novela. Su abundante obra, escrita dentro y fuera del pa\u00eds, recoge entre otros asuntos la realidad sociocultural de los campos dominicanos, sus conflictos y sus luchas.<\/span><\/p>\n<p><span class=\"text1noticias\"> <\/span><\/p>\n<p><span class=\"text1noticias\">Bosch es autor de la novela criolla La ma\u00f1osa (1936), de ambientaci\u00f3n rural, pero se destaca especialmente como autor de relatos breves: Camino real (1933), Indios (1935), Dos pesos de agua (1941), Ocho cuentos (1947), La muchacha de La Guaira (1955), Cuentos escritos en el exilio y Apuntes sobre el arte de escribir cuentos (1962) y M\u00e1s cuentos escritos en exilio (1966). Entre sus obras hist\u00f3ricas y pol\u00edticas destacan t\u00edtulos como Trujillo: causas de una tiran\u00eda sin ejemplo (1961), Composici\u00f3n social dominicana (1978) y La guerra de la Restauraci\u00f3n (1982), entre otros.<\/span><\/p>\n<h6> 2009-05-01 18:33:59 <\/h6>\n<p><!--\n<link rel=\"stylesheet\" href=\"css\/bootstrap.min.css\">\n\n\n<ul class=\"pagination\">\n\t    \n\t\n\n<li >\n\t<a href='?page_no=21756'>Previous<\/a>\n\t<\/li>\n\n\n       \n    \n\n<li><a href='?page_no=1'>1<\/a><\/li>\n\n\n\n<li><a href='?page_no=2'>2<\/a><\/li>\n\n\n\n<li><a>...<\/a><\/li>\n\n\n\n<li><a href='?page_no=21755'>21755<\/a><\/li>\n\n\n\n<li><a href='?page_no=21756'>21756<\/a><\/li>\n\n\n\n<li class='active'><a>21757<\/a><\/li>\n\n\n\n<li><a href='?page_no=21758'>21758<\/a><\/li>\n\n\n\n<li><a href='?page_no=21759'>21759<\/a><\/li>\n\n\n\n<li><a>...<\/a><\/li>\n\n\n\n<li><a href='?page_no=22911'>22911<\/a><\/li>\n\n\n\n<li><a href='?page_no=22912'>22912<\/a><\/li>\n\n    \n\t\n\n<li >\n\t<a href='?page_no=21758'>Next<\/a>\n\t<\/li>\n\n\n    \n\n<li><a href='?page_no=22912'>Last &rsaquo;&rsaquo;<\/a><\/li>\n\n<\/ul>\n\n\n--><br \/>\n<\/body><\/p>\n","protected":false},"excerpt":{"rendered":"<p>Figuras del arte y la pol\u00edtica nacional e internacional, as\u00ed como profesionales, estudiantes y p\u00fablico en general han visitado este pabell\u00f3n de la XII Feria Internacional del Libro, en el que se concentra y se exhibe un interesante legado cultural y literario. Juan Bosch. \u00bfCu\u00e1l ciudadano dominicano no ha o\u00eddo siquiera escuchar este nombre? \u00bfQui\u00e9n, [&hellip;]<\/p>\n","protected":false},"author":3,"featured_media":0,"comment_status":"open","ping_status":"open","sticky":false,"template":"","format":"standard","meta":{"footnotes":""},"categories":[21],"tags":[],"class_list":["post-70079","post","type-post","status-publish","format-standard","hentry","category-cultura"],"_links":{"self":[{"href":"https:\/\/diariodominicano.com\/index.php?rest_route=\/wp\/v2\/posts\/70079","targetHints":{"allow":["GET"]}}],"collection":[{"href":"https:\/\/diariodominicano.com\/index.php?rest_route=\/wp\/v2\/posts"}],"about":[{"href":"https:\/\/diariodominicano.com\/index.php?rest_route=\/wp\/v2\/types\/post"}],"author":[{"embeddable":true,"href":"https:\/\/diariodominicano.com\/index.php?rest_route=\/wp\/v2\/users\/3"}],"replies":[{"embeddable":true,"href":"https:\/\/diariodominicano.com\/index.php?rest_route=%2Fwp%2Fv2%2Fcomments&post=70079"}],"version-history":[{"count":0,"href":"https:\/\/diariodominicano.com\/index.php?rest_route=\/wp\/v2\/posts\/70079\/revisions"}],"wp:attachment":[{"href":"https:\/\/diariodominicano.com\/index.php?rest_route=%2Fwp%2Fv2%2Fmedia&parent=70079"}],"wp:term":[{"taxonomy":"category","embeddable":true,"href":"https:\/\/diariodominicano.com\/index.php?rest_route=%2Fwp%2Fv2%2Fcategories&post=70079"},{"taxonomy":"post_tag","embeddable":true,"href":"https:\/\/diariodominicano.com\/index.php?rest_route=%2Fwp%2Fv2%2Ftags&post=70079"}],"curies":[{"name":"wp","href":"https:\/\/api.w.org\/{rel}","templated":true}]}}