{"id":70078,"date":"2009-05-01T19:47:05","date_gmt":"2009-05-01T19:47:05","guid":{"rendered":"http:\/\/diariodominicano.ddns.net\/?p=70078"},"modified":"2009-05-01T19:47:05","modified_gmt":"2009-05-01T19:47:05","slug":"ponen-a-circular-libro-boschito-y-sus-letras","status":"publish","type":"post","link":"https:\/\/diariodominicano.com\/?p=70078","title":{"rendered":"Ponen a circular libro boschito y sus letras"},"content":{"rendered":"<p><body><\/p>\n<p><img decoding=\"async\" src=\"http:\/\/localhost:8080\/img3\/bochit.jpg\" \/>  <\/p>\n<p><span class=\"text1noticias\">En el marco del Centenario del Natalicio del Profesor Juan Bosch y el Stand de la Feria del Libro, el Consejo Nacional para la Ni\u00f1ez y la Adolescencia (CONANI) puso en circulaci\u00f3n el libro Boschito y sus letras que Caminan siendo el autor el adolescente Milciades Alberto Ventura Lembert.<\/span><\/p>\n<\/p>\n<p><span class=\"text1noticias\">El CONANI apoyando la formaci\u00f3n de j\u00f3venes en las t\u00e9cnicas de persuasi\u00f3n, negociaci\u00f3n, redacci\u00f3n y oratoria en un \u00e1mbito de tolerancia y respeto a la diversidad, envi\u00f3 al joven Milciades,  a participar en el modelo Internacional de las Naciones Unidas  de la Secretaria de Estado de Educaci\u00f3n.<\/span><\/p>\n<\/p>\n<p><span class=\"text1noticias\">Nos sentimos muy satisfechos al poner en circulaci\u00f3n hoy de este libro, ya que con este damos oportunidad a j\u00f3venes como Milciades, de poder desarrollar y expresar sus talentos y de contar con el apoyo de instituciones como esta que est\u00e1n dispuestas a velar por la juventud dominicana, expreso la Licda. Tilza Ares, Gerente General del CONANI. <\/span><\/p>\n<\/p>\n<p><span class=\"text1noticias\">El autor de libro Milciades se inspir\u00f3 en un ni\u00f1ito que naci\u00f3 en un pueblito  campestre entre valles y monta\u00f1as y rodeado de los olores de la vegetaci\u00f3n  al cual  a medidas que fue creciendo le iba gustando las letras y las guardaba en una biblioteca, la cual para sorpresa suya un d\u00eda se incendio y estas se perdieron.  <\/span><\/p>\n<\/p>\n<p><span class=\"text1noticias\">Al pasar el tiempo a boschito se le ocurri\u00f3 fabricar muchas letras y ponerlas a caminar para que todos las conocieran y no corrieran la misma suerte que sus letras guardadas en la biblioteca.<\/span><\/p>\n<p><span class=\"text1noticias\">Quiero que mis letras caminen! Dijo Boschito<\/span><\/p>\n<\/p>\n<p><span class=\"text1noticias\">Quiero que paso a paso vayan lejos!<\/span><\/p>\n<p><span class=\"text1noticias\">Quiero que mis letras canten, bailen, lloren, salten, brillen, r\u00edan y le den color a la vida!&#8230;.<\/span><\/p>\n<\/p>\n<p><span class=\"text1noticias\">Estuvieron presente, los miembros del Directorio Nacional de la Instituci\u00f3n as\u00ed como amigos y relacionados.<\/span><\/p>\n<h6> 2009-05-01 19:47:05 <\/h6>\n<p><!--\n<link rel=\"stylesheet\" href=\"css\/bootstrap.min.css\">\n\n\n<ul class=\"pagination\">\n\t    \n\t\n\n<li >\n\t<a href='?page_no=21755'>Previous<\/a>\n\t<\/li>\n\n\n       \n    \n\n<li><a href='?page_no=1'>1<\/a><\/li>\n\n\n\n<li><a href='?page_no=2'>2<\/a><\/li>\n\n\n\n<li><a>...<\/a><\/li>\n\n\n\n<li><a href='?page_no=21754'>21754<\/a><\/li>\n\n\n\n<li><a href='?page_no=21755'>21755<\/a><\/li>\n\n\n\n<li class='active'><a>21756<\/a><\/li>\n\n\n\n<li><a href='?page_no=21757'>21757<\/a><\/li>\n\n\n\n<li><a href='?page_no=21758'>21758<\/a><\/li>\n\n\n\n<li><a>...<\/a><\/li>\n\n\n\n<li><a href='?page_no=22911'>22911<\/a><\/li>\n\n\n\n<li><a href='?page_no=22912'>22912<\/a><\/li>\n\n    \n\t\n\n<li >\n\t<a href='?page_no=21757'>Next<\/a>\n\t<\/li>\n\n\n    \n\n<li><a href='?page_no=22912'>Last &rsaquo;&rsaquo;<\/a><\/li>\n\n<\/ul>\n\n\n--><br \/>\n<\/body><\/p>\n","protected":false},"excerpt":{"rendered":"<p>En el marco del Centenario del Natalicio del Profesor Juan Bosch y el Stand de la Feria del Libro, el Consejo Nacional para la Ni\u00f1ez y la Adolescencia (CONANI) puso en circulaci\u00f3n el libro Boschito y sus letras que Caminan siendo el autor el adolescente Milciades Alberto Ventura Lembert. El CONANI apoyando la formaci\u00f3n de [&hellip;]<\/p>\n","protected":false},"author":3,"featured_media":0,"comment_status":"open","ping_status":"open","sticky":false,"template":"","format":"standard","meta":{"footnotes":""},"categories":[21],"tags":[],"class_list":["post-70078","post","type-post","status-publish","format-standard","hentry","category-cultura"],"_links":{"self":[{"href":"https:\/\/diariodominicano.com\/index.php?rest_route=\/wp\/v2\/posts\/70078","targetHints":{"allow":["GET"]}}],"collection":[{"href":"https:\/\/diariodominicano.com\/index.php?rest_route=\/wp\/v2\/posts"}],"about":[{"href":"https:\/\/diariodominicano.com\/index.php?rest_route=\/wp\/v2\/types\/post"}],"author":[{"embeddable":true,"href":"https:\/\/diariodominicano.com\/index.php?rest_route=\/wp\/v2\/users\/3"}],"replies":[{"embeddable":true,"href":"https:\/\/diariodominicano.com\/index.php?rest_route=%2Fwp%2Fv2%2Fcomments&post=70078"}],"version-history":[{"count":0,"href":"https:\/\/diariodominicano.com\/index.php?rest_route=\/wp\/v2\/posts\/70078\/revisions"}],"wp:attachment":[{"href":"https:\/\/diariodominicano.com\/index.php?rest_route=%2Fwp%2Fv2%2Fmedia&parent=70078"}],"wp:term":[{"taxonomy":"category","embeddable":true,"href":"https:\/\/diariodominicano.com\/index.php?rest_route=%2Fwp%2Fv2%2Fcategories&post=70078"},{"taxonomy":"post_tag","embeddable":true,"href":"https:\/\/diariodominicano.com\/index.php?rest_route=%2Fwp%2Fv2%2Ftags&post=70078"}],"curies":[{"name":"wp","href":"https:\/\/api.w.org\/{rel}","templated":true}]}}