{"id":70077,"date":"2009-05-02T16:17:23","date_gmt":"2009-05-02T16:17:23","guid":{"rendered":"http:\/\/diariodominicano.ddns.net\/?p=70077"},"modified":"2009-05-02T16:17:23","modified_gmt":"2009-05-02T16:17:23","slug":"feria-del-libro-nombra-calle-en-honor-a-jottin-cury","status":"publish","type":"post","link":"https:\/\/diariodominicano.com\/?p=70077","title":{"rendered":"Feria del Libro nombra calle en honor a Jottin Cury"},"content":{"rendered":"<p><body><\/p>\n<p><img decoding=\"async\" src=\"http:\/\/localhost:8080\/img3\/cori.jpg\" \/>  <\/p>\n<p><span class=\"text1noticias\">El destacado jurista dominicano Jottin Cury fue homenajeado al designar con su nombre una calle en el per\u00edmetro de la Plaza de la Cultura Juan Pablo Duarte, donde se celebra la D\u00e9cima Segunda versi\u00f3n de la Feria Internacional del Libro, Santo Domingo 2009.<\/span><\/p>\n<p><span class=\"text1noticias\"> <\/span><\/p>\n<p><span class=\"text1noticias\">El Secretario de Estado de Cultura, Jos\u00e9 Rafael Lantigua y Alejandro Arvelo, Director General de la Feria, presidieron el emotivo acto, donde el abogado, pol\u00edtico y articulista recibi\u00f3 interesantes muestras de cari\u00f1o, admiraci\u00f3n y respeto por parte de los presentes.<\/span><\/p>\n<p><span class=\"text1noticias\"> <\/span><\/p>\n<p><span class=\"text1noticias\">Cury manifest\u00f3 que \u00e9l no se considera escritor porque siempre se ha consagrado al ejercicio de la posici\u00f3n de abogado aun cuando en un momento se dedic\u00f3 a escribir. <\/span><\/p>\n<p><span class=\"text1noticias\"> <\/span><\/p>\n<p><span class=\"text1noticias\">Al hablar sobre su obra ?Los formularios anotados? dijo que la misma no le dej\u00f3 beneficios de venta, pero ha sido 50 veces pirateado, aprovech\u00e1ndose de las ense\u00f1anzas que brindada a los estudiantes de t\u00e9rmino y a los abogados reci\u00e9n graduados en una materia en la que realmente en esa \u00e9poca no hab\u00edan libros redactados en espa\u00f1ol. Tambi\u00e9n otras publicaciones de su autor\u00eda han sido pirateadas.<\/span><\/p>\n<p><span class=\"text1noticias\"> <\/span><\/p>\n<p><span class=\"text1noticias\">Jottin Cury se\u00f1al\u00f3 que en un momento la vida lo empuj\u00f3 a la pol\u00edtica en momentos tan cr\u00edticos para el pueblo dominicano como lo fue la Intervenci\u00f3n Norteamericana y m\u00e1s que esto el deseo de que Juan Bosch ocupara la presidencia de la Rep\u00fablica, la cual le fue arrebatada de manera abusiva. El jurista se refiri\u00f3 adem\u00e1s al Gobierno Constitucionalista de Francisco Alberto Caama\u00f1o y de la lucha por la democracia, entre otros temas.<\/span><\/p>\n<p><span class=\"text1noticias\"> <\/span><\/p>\n<p><span class=\"text1noticias\">Mientras que Alejandro Arvelo manifest\u00f3 que Jottin Cury es un hombre excepcional, un s\u00edntesis concomitantes de la Rep\u00fablica Dominicana, lo que \u00e9l ha publicado es \u00ednfimo respeto a la sabidur\u00eda y cultura human\u00edstica que tiene don Jottin y que se encuentran en sus notas, conferencias y m\u00faltiples libros.<\/span><\/p>\n<p><span class=\"text1noticias\"> <\/span><\/p>\n<p><span class=\"text1noticias\">?Naturalmente, en Jottin Cury la humildad no deja traslucir esa suerte de conciencia de ser una de las s\u00edntesis concomitantes del pa\u00eds de los \u00faltimos 60 0 70 a\u00f1os. Ah\u00ed est\u00e1 su trayectoria profesional, su presencia como su participaci\u00f3n en la Guerra de Abril, la rector\u00eda en la UASD. Tenemos ante nosotros a un caballero que viene de duro andar, de muchas batallas no s\u00f3lo en el \u00e1mbito de los tribunales, sino tambi\u00e9n en la pol\u00edtica y en el \u00e1mbito de las ideas?, destac\u00f3 Arvelo.<\/span><\/p>\n<p><span class=\"text1noticias\"> <\/span><\/p>\n<p><span class=\"text1noticias\">Acompa\u00f1aron a Jottin Cury en su homenaje su esposa Ana Yee de Cury, Jottin Cury hijo, Lourdes Camilo de Cuello, Mateo Morrison, Henry Mej\u00eda, Jos\u00e9 Flaker, Jos\u00e9 Guerrero, Lourdes Gonz\u00e1lez y los estudiantes del Polit\u00e9cnico Favio A. Mota.<\/span><\/p>\n<h6> 2009-05-02 16:17:23 <\/h6>\n<p><!--\n<link rel=\"stylesheet\" href=\"css\/bootstrap.min.css\">\n\n\n<ul class=\"pagination\">\n\t    \n\t\n\n<li >\n\t<a href='?page_no=21754'>Previous<\/a>\n\t<\/li>\n\n\n       \n    \n\n<li><a href='?page_no=1'>1<\/a><\/li>\n\n\n\n<li><a href='?page_no=2'>2<\/a><\/li>\n\n\n\n<li><a>...<\/a><\/li>\n\n\n\n<li><a href='?page_no=21753'>21753<\/a><\/li>\n\n\n\n<li><a href='?page_no=21754'>21754<\/a><\/li>\n\n\n\n<li class='active'><a>21755<\/a><\/li>\n\n\n\n<li><a href='?page_no=21756'>21756<\/a><\/li>\n\n\n\n<li><a href='?page_no=21757'>21757<\/a><\/li>\n\n\n\n<li><a>...<\/a><\/li>\n\n\n\n<li><a href='?page_no=22911'>22911<\/a><\/li>\n\n\n\n<li><a href='?page_no=22912'>22912<\/a><\/li>\n\n    \n\t\n\n<li >\n\t<a href='?page_no=21756'>Next<\/a>\n\t<\/li>\n\n\n    \n\n<li><a href='?page_no=22912'>Last &rsaquo;&rsaquo;<\/a><\/li>\n\n<\/ul>\n\n\n--><br \/>\n<\/body><\/p>\n","protected":false},"excerpt":{"rendered":"<p>El destacado jurista dominicano Jottin Cury fue homenajeado al designar con su nombre una calle en el per\u00edmetro de la Plaza de la Cultura Juan Pablo Duarte, donde se celebra la D\u00e9cima Segunda versi\u00f3n de la Feria Internacional del Libro, Santo Domingo 2009. El Secretario de Estado de Cultura, Jos\u00e9 Rafael Lantigua y Alejandro Arvelo, [&hellip;]<\/p>\n","protected":false},"author":3,"featured_media":0,"comment_status":"open","ping_status":"open","sticky":false,"template":"","format":"standard","meta":{"footnotes":""},"categories":[21],"tags":[],"class_list":["post-70077","post","type-post","status-publish","format-standard","hentry","category-cultura"],"_links":{"self":[{"href":"https:\/\/diariodominicano.com\/index.php?rest_route=\/wp\/v2\/posts\/70077","targetHints":{"allow":["GET"]}}],"collection":[{"href":"https:\/\/diariodominicano.com\/index.php?rest_route=\/wp\/v2\/posts"}],"about":[{"href":"https:\/\/diariodominicano.com\/index.php?rest_route=\/wp\/v2\/types\/post"}],"author":[{"embeddable":true,"href":"https:\/\/diariodominicano.com\/index.php?rest_route=\/wp\/v2\/users\/3"}],"replies":[{"embeddable":true,"href":"https:\/\/diariodominicano.com\/index.php?rest_route=%2Fwp%2Fv2%2Fcomments&post=70077"}],"version-history":[{"count":0,"href":"https:\/\/diariodominicano.com\/index.php?rest_route=\/wp\/v2\/posts\/70077\/revisions"}],"wp:attachment":[{"href":"https:\/\/diariodominicano.com\/index.php?rest_route=%2Fwp%2Fv2%2Fmedia&parent=70077"}],"wp:term":[{"taxonomy":"category","embeddable":true,"href":"https:\/\/diariodominicano.com\/index.php?rest_route=%2Fwp%2Fv2%2Fcategories&post=70077"},{"taxonomy":"post_tag","embeddable":true,"href":"https:\/\/diariodominicano.com\/index.php?rest_route=%2Fwp%2Fv2%2Ftags&post=70077"}],"curies":[{"name":"wp","href":"https:\/\/api.w.org\/{rel}","templated":true}]}}