{"id":70076,"date":"2009-05-02T16:28:51","date_gmt":"2009-05-02T16:28:51","guid":{"rendered":"http:\/\/diariodominicano.ddns.net\/?p=70076"},"modified":"2009-05-02T16:28:51","modified_gmt":"2009-05-02T16:28:51","slug":"galvan-presenta-en-la-xii-feria-su-partida-sin-retorno","status":"publish","type":"post","link":"https:\/\/diariodominicano.com\/?p=70076","title":{"rendered":"Galv\u00e1n presenta en la XII Feria su  ?Partida sin retorno?"},"content":{"rendered":"<p><body><\/p>\n<p><img decoding=\"async\" src=\"http:\/\/localhost:8080\/img3\/galba.jpg\" \/>  <\/p>\n<p><span class=\"text1noticias\">El embajador dominicano en Corea del Sur present\u00f3 su libro de cuentos Partida sin Retorno, que re\u00fane 25 narraciones cortas sobre  diversos personajes en los cuales la ficci\u00f3n se inicia cuando termina la realidad, en una mezcla narrativa que se apoya en el estilo period\u00edstico con la magia de la imaginaci\u00f3n.<\/span><\/p>\n<\/p>\n<p><span class=\"text1noticias\">El libro fue presentado en el Caf\u00e9 Bohemio por Avelino Stanley, escritor romanense, quien destac\u00f3 la calidad del texto de Galv\u00e1n y lo consider\u00f3 un aporte importante a las letras dominicanas.<\/span><\/p>\n<\/p>\n<p><span class=\"text1noticias\">Avelino Stanley indic\u00f3 que el talento narrativo de Galv\u00e1n trasciende m\u00e1s all\u00e1 del momento y la coyuntura.<\/span><\/p>\n<\/p>\n<p><span class=\"text1noticias\">Stanley indic\u00f3 que la creaci\u00f3n literaria de Galv\u00e1n procede desde los a\u00f1os de su juventud y que ha estado mejorando su destreza como escritor.<\/span><\/p>\n<\/p>\n<p><span class=\"text1noticias\">Galv\u00e1n sostuvo que su introducci\u00f3n en las letras se lo debe al profesor Juan Bosch, quien le fuera presentado en su momento por Leonel Fern\u00e1ndez, y que de este maestro asimil\u00f3 cuanto pudo en materia del cuento.<\/span><\/p>\n<\/p>\n<p><span class=\"text1noticias\">H\u00e9ctor Galv\u00e1n revel\u00f3 que su primer encuentro literario con Bosch lo sostuvo en Rhode Island,  Providence, (Estados Unidos) en 1992.<\/span><\/p>\n<\/p>\n<p><span class=\"text1noticias\">?Lo que me dio el \u00edmpetu, la fuerza, para dedicarme a la narrativa, fue la visita del Profesor Juan Bosch, a Providence, en el 1992. Don Juan no quer\u00eda ser c\u00f3mplice de los actos del desvelizamiento del Faro a Colon. Sent\u00eda, tal vez, verg\u00fcenza de participar en los actos oficiales de lo que era una farsa del oficialismo para encubrir la crisis econ\u00f3mica, el enga\u00f1o de las elecciones pasadas y la desaz\u00f3n existente. Yo pienso que Bosch no quer\u00eda verle la cara a Balaguer, todav\u00eda, en ese entonces? afirma.<\/span><\/p>\n<\/p>\n<p><span class=\"text1noticias\">H\u00e9ctor Mojica sostiene del libro  que \u00abconstituye un aporte a las letras nacionales y convierte a H\u00e9ctor Galv\u00e1n en el primer cr\u00edtico, estudioso y compilador de personajes fruto de la visi\u00f3n extranjera y al mismo tiempo dominicana, que se pone de manifiesto en la obra\u00bb.<\/span><\/p>\n<\/p>\n<p><span class=\"text1noticias\">El libro es producido por Editora Santuario, de Isael  P\u00e9rez, reconocido editor y gestor cultural.<\/span><\/p>\n<h6> 2009-05-02 16:28:51 <\/h6>\n<p><!--\n<link rel=\"stylesheet\" href=\"css\/bootstrap.min.css\">\n\n\n<ul class=\"pagination\">\n\t    \n\t\n\n<li >\n\t<a href='?page_no=21753'>Previous<\/a>\n\t<\/li>\n\n\n       \n    \n\n<li><a href='?page_no=1'>1<\/a><\/li>\n\n\n\n<li><a href='?page_no=2'>2<\/a><\/li>\n\n\n\n<li><a>...<\/a><\/li>\n\n\n\n<li><a href='?page_no=21752'>21752<\/a><\/li>\n\n\n\n<li><a href='?page_no=21753'>21753<\/a><\/li>\n\n\n\n<li class='active'><a>21754<\/a><\/li>\n\n\n\n<li><a href='?page_no=21755'>21755<\/a><\/li>\n\n\n\n<li><a href='?page_no=21756'>21756<\/a><\/li>\n\n\n\n<li><a>...<\/a><\/li>\n\n\n\n<li><a href='?page_no=22911'>22911<\/a><\/li>\n\n\n\n<li><a href='?page_no=22912'>22912<\/a><\/li>\n\n    \n\t\n\n<li >\n\t<a href='?page_no=21755'>Next<\/a>\n\t<\/li>\n\n\n    \n\n<li><a href='?page_no=22912'>Last &rsaquo;&rsaquo;<\/a><\/li>\n\n<\/ul>\n\n\n--><br \/>\n<\/body><\/p>\n","protected":false},"excerpt":{"rendered":"<p>El embajador dominicano en Corea del Sur present\u00f3 su libro de cuentos Partida sin Retorno, que re\u00fane 25 narraciones cortas sobre diversos personajes en los cuales la ficci\u00f3n se inicia cuando termina la realidad, en una mezcla narrativa que se apoya en el estilo period\u00edstico con la magia de la imaginaci\u00f3n. El libro fue presentado [&hellip;]<\/p>\n","protected":false},"author":3,"featured_media":0,"comment_status":"open","ping_status":"open","sticky":false,"template":"","format":"standard","meta":{"footnotes":""},"categories":[21],"tags":[],"class_list":["post-70076","post","type-post","status-publish","format-standard","hentry","category-cultura"],"_links":{"self":[{"href":"https:\/\/diariodominicano.com\/index.php?rest_route=\/wp\/v2\/posts\/70076","targetHints":{"allow":["GET"]}}],"collection":[{"href":"https:\/\/diariodominicano.com\/index.php?rest_route=\/wp\/v2\/posts"}],"about":[{"href":"https:\/\/diariodominicano.com\/index.php?rest_route=\/wp\/v2\/types\/post"}],"author":[{"embeddable":true,"href":"https:\/\/diariodominicano.com\/index.php?rest_route=\/wp\/v2\/users\/3"}],"replies":[{"embeddable":true,"href":"https:\/\/diariodominicano.com\/index.php?rest_route=%2Fwp%2Fv2%2Fcomments&post=70076"}],"version-history":[{"count":0,"href":"https:\/\/diariodominicano.com\/index.php?rest_route=\/wp\/v2\/posts\/70076\/revisions"}],"wp:attachment":[{"href":"https:\/\/diariodominicano.com\/index.php?rest_route=%2Fwp%2Fv2%2Fmedia&parent=70076"}],"wp:term":[{"taxonomy":"category","embeddable":true,"href":"https:\/\/diariodominicano.com\/index.php?rest_route=%2Fwp%2Fv2%2Fcategories&post=70076"},{"taxonomy":"post_tag","embeddable":true,"href":"https:\/\/diariodominicano.com\/index.php?rest_route=%2Fwp%2Fv2%2Ftags&post=70076"}],"curies":[{"name":"wp","href":"https:\/\/api.w.org\/{rel}","templated":true}]}}