{"id":70075,"date":"2009-05-02T16:31:19","date_gmt":"2009-05-02T16:31:19","guid":{"rendered":"http:\/\/diariodominicano.ddns.net\/?p=70075"},"modified":"2009-05-02T16:31:19","modified_gmt":"2009-05-02T16:31:19","slug":"en-la-feria-del-libro-presentan-obra-teatral-sobre-duarte-y-bosch","status":"publish","type":"post","link":"https:\/\/diariodominicano.com\/?p=70075","title":{"rendered":"En la feria del libro Presentan obra teatral sobre Duarte y Bosch"},"content":{"rendered":"<p><body><\/p>\n<p><span class=\"text1noticias\">Con el objetivo de promover el ideario de Pr\u00f3cer Juan Pablo Duarte y el pensamiento del profesor Juan Bosch la compa\u00f1\u00eda Chevereman\u00eda present\u00f3 en una obra de teatro de calle  Durante la celebraci\u00f3n de XII Feria Internacional del libro Santo Domingo 2009, la obra ?Juan: Duarte-Bosch?.<\/span><\/p>\n<\/p>\n<p><span class=\"text1noticias\">Es una obra teatral dirigida a la poblaci\u00f3n escolar de educaci\u00f3n de  media, Universitaria y toda la familia, trata sobre el ideario Duartiano, el pensamiento Bochista, los s\u00edmbolos patrios, el orden y  valores ciudadano.<\/span><\/p>\n<\/p>\n<p><span class=\"text1noticias\">El trabajo teatral es una producci\u00f3n de los actores Vidal de la Cruz y Maritza Silverio para promover a trav\u00e9s del teatro los valores, la trascendencia del ideal de estos dos  grandes hombres de la historia Dominicana.<\/span><\/p>\n<h6> 2009-05-02 16:31:19 <\/h6>\n<p><!--\n<link rel=\"stylesheet\" href=\"css\/bootstrap.min.css\">\n\n\n<ul class=\"pagination\">\n\t    \n\t\n\n<li >\n\t<a href='?page_no=21752'>Previous<\/a>\n\t<\/li>\n\n\n       \n    \n\n<li><a href='?page_no=1'>1<\/a><\/li>\n\n\n\n<li><a href='?page_no=2'>2<\/a><\/li>\n\n\n\n<li><a>...<\/a><\/li>\n\n\n\n<li><a href='?page_no=21751'>21751<\/a><\/li>\n\n\n\n<li><a href='?page_no=21752'>21752<\/a><\/li>\n\n\n\n<li class='active'><a>21753<\/a><\/li>\n\n\n\n<li><a href='?page_no=21754'>21754<\/a><\/li>\n\n\n\n<li><a href='?page_no=21755'>21755<\/a><\/li>\n\n\n\n<li><a>...<\/a><\/li>\n\n\n\n<li><a href='?page_no=22911'>22911<\/a><\/li>\n\n\n\n<li><a href='?page_no=22912'>22912<\/a><\/li>\n\n    \n\t\n\n<li >\n\t<a href='?page_no=21754'>Next<\/a>\n\t<\/li>\n\n\n    \n\n<li><a href='?page_no=22912'>Last &rsaquo;&rsaquo;<\/a><\/li>\n\n<\/ul>\n\n\n--><br \/>\n<\/body><\/p>\n","protected":false},"excerpt":{"rendered":"<p>Con el objetivo de promover el ideario de Pr\u00f3cer Juan Pablo Duarte y el pensamiento del profesor Juan Bosch la compa\u00f1\u00eda Chevereman\u00eda present\u00f3 en una obra de teatro de calle Durante la celebraci\u00f3n de XII Feria Internacional del libro Santo Domingo 2009, la obra ?Juan: Duarte-Bosch?. Es una obra teatral dirigida a la poblaci\u00f3n escolar [&hellip;]<\/p>\n","protected":false},"author":3,"featured_media":0,"comment_status":"open","ping_status":"open","sticky":false,"template":"","format":"standard","meta":{"footnotes":""},"categories":[21],"tags":[],"class_list":["post-70075","post","type-post","status-publish","format-standard","hentry","category-cultura"],"_links":{"self":[{"href":"https:\/\/diariodominicano.com\/index.php?rest_route=\/wp\/v2\/posts\/70075","targetHints":{"allow":["GET"]}}],"collection":[{"href":"https:\/\/diariodominicano.com\/index.php?rest_route=\/wp\/v2\/posts"}],"about":[{"href":"https:\/\/diariodominicano.com\/index.php?rest_route=\/wp\/v2\/types\/post"}],"author":[{"embeddable":true,"href":"https:\/\/diariodominicano.com\/index.php?rest_route=\/wp\/v2\/users\/3"}],"replies":[{"embeddable":true,"href":"https:\/\/diariodominicano.com\/index.php?rest_route=%2Fwp%2Fv2%2Fcomments&post=70075"}],"version-history":[{"count":0,"href":"https:\/\/diariodominicano.com\/index.php?rest_route=\/wp\/v2\/posts\/70075\/revisions"}],"wp:attachment":[{"href":"https:\/\/diariodominicano.com\/index.php?rest_route=%2Fwp%2Fv2%2Fmedia&parent=70075"}],"wp:term":[{"taxonomy":"category","embeddable":true,"href":"https:\/\/diariodominicano.com\/index.php?rest_route=%2Fwp%2Fv2%2Fcategories&post=70075"},{"taxonomy":"post_tag","embeddable":true,"href":"https:\/\/diariodominicano.com\/index.php?rest_route=%2Fwp%2Fv2%2Ftags&post=70075"}],"curies":[{"name":"wp","href":"https:\/\/api.w.org\/{rel}","templated":true}]}}