{"id":70074,"date":"2009-05-03T15:38:09","date_gmt":"2009-05-03T15:38:09","guid":{"rendered":"http:\/\/diariodominicano.ddns.net\/?p=70074"},"modified":"2009-05-03T15:38:09","modified_gmt":"2009-05-03T15:38:09","slug":"benedetti-abandona-sala-de-cuidados-especiales","status":"publish","type":"post","link":"https:\/\/diariodominicano.com\/?p=70074","title":{"rendered":"Benedetti abandona sala de cuidados especiales"},"content":{"rendered":"<p><body><\/p>\n<p><img decoding=\"async\" src=\"http:\/\/localhost:8080\/img3\/benes.jpg\" \/>  <\/p>\n<p><span class=\"text1noticias\">El poeta uruguayo permanece internado desde el pasado 24 de abril.<\/span><\/p>\n<\/p>\n<p><span class=\"text1noticias\">por Agencias &#8211; 02\/05\/2009 &#8211; 11:01 <\/span><\/p>\n<\/p>\n<p><span class=\"text1noticias\">El escritor uruguayo Mario Benedetti fue cambiado a una sala com\u00fan desde la de cuidados intermedios o cr\u00edticos, inform\u00f3 el s\u00e1bado la m\u00e9dica Mar\u00eda del Huerto Brotos.<\/span><\/p>\n<\/p>\n<p><span class=\"text1noticias\">\u00abEn las \u00faltimas horas del viernes, fue trasladado de la unidad de cuidados intermedios o cr\u00edticos a una sala com\u00fan y ya se levant\u00f3 y se sent\u00f3 alg\u00fan rato en un sill\u00f3n. Ha desayunado bien y se mantiene l\u00facido\u00bb, dijo Brotos, en su informe habitual como portavoz del sanatorio Impassa, en donde el autor est\u00e1 internado desde el 24 de abril.<\/span><\/p>\n<\/p>\n<p><span class=\"text1noticias\">Benedetti, de 88 a\u00f1os, fue hospitalizado grave con una patolog\u00eda digestiva cr\u00f3nica, a lo cual se suma una enfermedad respiratoria y sangrado de colon, de acuerdo al parte m\u00e9dico del 28 de abril.<\/span><\/p>\n<p><span class=\"text1noticias\">\u00abLe seguimos suministrando antibi\u00f3ticos y antiinflamatorios, pero se le quit\u00f3 el suero ya que comenz\u00f3 a alimentarse bien\u00bb, dijo Brotos.<\/span><\/p>\n<\/p>\n<p><span class=\"text1noticias\">De todas formas, \u00abel cuadro general del estado de salud (del paciente) sigue con cierta reserva\u00bb, dijo la doctora.<\/span><\/p>\n<\/p>\n<p><span class=\"text1noticias\">Precis\u00f3 que a\u00fan \u00abno se ha pensado por ahora que pueda ser trasladado a su domicilio\u00bb.<\/span><\/p>\n<p><span class=\"text1noticias\">Benedetti, es autor de decenas de obras literarias. \u00abTestigo de uno mismo\u00bb fue su m\u00e1s reciente libro de poemas publicado el a\u00f1o pasado.<\/span><\/p>\n<\/p>\n<p><span class=\"text1noticias\">Tambi\u00e9n escribi\u00f3 \u00abLa tregua\u00bb en 1960, una novela que se tradujo a 19 idiomas, fue llevada al cine, teatro, radio y televisi\u00f3n, que engloban una toma de conciencia frente a sociedades en crisis. Junto a \u00abGracias por el fuego\u00bb editado en 1965, significaron la incorporaci\u00f3n de Benedetti al auge de la novela latinoamericana de aquellos a\u00f1os.<\/span><\/p>\n<\/p>\n<p><span class=\"text1noticias\">Desde enero de 2008, Benedetti est\u00e1 virtualmente confinado en su domicilio c\u00e9ntrico de Montevideo debido a la fragilidad de su salud.<\/span><\/p>\n<h6> 2009-05-03 15:38:09 <\/h6>\n<p><!--\n<link rel=\"stylesheet\" href=\"css\/bootstrap.min.css\">\n\n\n<ul class=\"pagination\">\n\t    \n\t\n\n<li >\n\t<a href='?page_no=21751'>Previous<\/a>\n\t<\/li>\n\n\n       \n    \n\n<li><a href='?page_no=1'>1<\/a><\/li>\n\n\n\n<li><a href='?page_no=2'>2<\/a><\/li>\n\n\n\n<li><a>...<\/a><\/li>\n\n\n\n<li><a href='?page_no=21750'>21750<\/a><\/li>\n\n\n\n<li><a href='?page_no=21751'>21751<\/a><\/li>\n\n\n\n<li class='active'><a>21752<\/a><\/li>\n\n\n\n<li><a href='?page_no=21753'>21753<\/a><\/li>\n\n\n\n<li><a href='?page_no=21754'>21754<\/a><\/li>\n\n\n\n<li><a>...<\/a><\/li>\n\n\n\n<li><a href='?page_no=22911'>22911<\/a><\/li>\n\n\n\n<li><a href='?page_no=22912'>22912<\/a><\/li>\n\n    \n\t\n\n<li >\n\t<a href='?page_no=21753'>Next<\/a>\n\t<\/li>\n\n\n    \n\n<li><a href='?page_no=22912'>Last &rsaquo;&rsaquo;<\/a><\/li>\n\n<\/ul>\n\n\n--><br \/>\n<\/body><\/p>\n","protected":false},"excerpt":{"rendered":"<p>El poeta uruguayo permanece internado desde el pasado 24 de abril. por Agencias &#8211; 02\/05\/2009 &#8211; 11:01 El escritor uruguayo Mario Benedetti fue cambiado a una sala com\u00fan desde la de cuidados intermedios o cr\u00edticos, inform\u00f3 el s\u00e1bado la m\u00e9dica Mar\u00eda del Huerto Brotos. \u00abEn las \u00faltimas horas del viernes, fue trasladado de la unidad [&hellip;]<\/p>\n","protected":false},"author":3,"featured_media":0,"comment_status":"open","ping_status":"open","sticky":false,"template":"","format":"standard","meta":{"footnotes":""},"categories":[21],"tags":[],"class_list":["post-70074","post","type-post","status-publish","format-standard","hentry","category-cultura"],"_links":{"self":[{"href":"https:\/\/diariodominicano.com\/index.php?rest_route=\/wp\/v2\/posts\/70074","targetHints":{"allow":["GET"]}}],"collection":[{"href":"https:\/\/diariodominicano.com\/index.php?rest_route=\/wp\/v2\/posts"}],"about":[{"href":"https:\/\/diariodominicano.com\/index.php?rest_route=\/wp\/v2\/types\/post"}],"author":[{"embeddable":true,"href":"https:\/\/diariodominicano.com\/index.php?rest_route=\/wp\/v2\/users\/3"}],"replies":[{"embeddable":true,"href":"https:\/\/diariodominicano.com\/index.php?rest_route=%2Fwp%2Fv2%2Fcomments&post=70074"}],"version-history":[{"count":0,"href":"https:\/\/diariodominicano.com\/index.php?rest_route=\/wp\/v2\/posts\/70074\/revisions"}],"wp:attachment":[{"href":"https:\/\/diariodominicano.com\/index.php?rest_route=%2Fwp%2Fv2%2Fmedia&parent=70074"}],"wp:term":[{"taxonomy":"category","embeddable":true,"href":"https:\/\/diariodominicano.com\/index.php?rest_route=%2Fwp%2Fv2%2Fcategories&post=70074"},{"taxonomy":"post_tag","embeddable":true,"href":"https:\/\/diariodominicano.com\/index.php?rest_route=%2Fwp%2Fv2%2Ftags&post=70074"}],"curies":[{"name":"wp","href":"https:\/\/api.w.org\/{rel}","templated":true}]}}