{"id":70068,"date":"2009-05-05T16:52:51","date_gmt":"2009-05-05T16:52:51","guid":{"rendered":"http:\/\/diariodominicano.ddns.net\/?p=70068"},"modified":"2009-05-05T16:52:51","modified_gmt":"2009-05-05T16:52:51","slug":"colegio-de-periodistas-y-asamblea-estatal-de-ny-reconocen-labor-social-y-periodistica-de-cruz-triffolio","status":"publish","type":"post","link":"https:\/\/diariodominicano.com\/?p=70068","title":{"rendered":"Colegio de Periodistas y Asamblea Estatal de NY Reconocen Labor Social y Period\u00edstica de Cruz Triffolio"},"content":{"rendered":"<p><body><\/p>\n<p><img decoding=\"async\" src=\"http:\/\/localhost:8080\/img3\/pocam.jpg\" \/>  <\/p>\n<p><span class=\"text1noticias\">El comunicador y soci\u00f3logo Juan Cruz Triffolio, productor y conductor del programa Con Punto &amp; Coma?, recibi\u00f3 una placa de reconocimiento y una proclama de la Asamblea Estatal de New York, entregradas por la directiva del Colegio Dominicano de Periodistas, filial NY y el asamble\u00edsta Adriano Espaillat, respectivamente, durante la celebraci\u00f3n del Segundo Banquete de Gala, realizado en The Hotel Astoria World Manor Inc., en el condado de Quenns.<\/span><\/p>\n<p><span class=\"text1noticias\"> <\/span><\/p>\n<p><span class=\"text1noticias\">En el encuentro, la periodista Mayra La Paz, presidente del gremio period\u00edstico, destac\u00f3 la labor social y los aportes que a trav\u00e9s de Supercanal 33 y la Se\u00f1al Caribe ha realizado Cruz Triffolio en inter\u00e9s de mantener informados a los dominicanos radicados en la plaza neoyorquina, al tiempo de elevar su autoestima, resaltando los valores hist\u00f3ricos y culturales de la Patria de Duarte.<\/span><\/p>\n<p><span class=\"text1noticias\"> <\/span><\/p>\n<p><span class=\"text1noticias\">Al momento de recibir el reconocimiento, Juan Cruz Triffolio, dijo sentirse sumamente orgulloso y agradecido de todos los miembros del Colegio Dominicano de Periodistas, filial New York, dado que ese gesto representa un gran est\u00edmulo para continuar realizando un ejercicio comunicacional cada vez m\u00e1s edificante sin dejar de contribuir al esparcimiento sano.<\/span><\/p>\n<p><span class=\"text1noticias\"> <\/span><\/p>\n<p><span class=\"text1noticias\">?Definitivamente, el que siembra cosecha y por tanto, hay que saber esperar. Gracias del alma por esta distinci\u00f3n y motivaci\u00f3n para seguir la marcha en el tortuoso submundo de la comunicaci\u00f3n audiovisual. Propicia es la ocasi\u00f3n para expresar nuestro agradecimiento eterno a aquellos que desde un principio contribuyeron para ser realidad mi presencia en los medios, principalmente a Radham\u00e9s G\u00f3mez Pep\u00edn, Juan Bol\u00edvar D\u00edaz y al siempre bien recordado Leo Reyes, todos maestros de maestros en el periodismo latinoamericano?, subray\u00f3 Juan Cruz Triffolio<\/span><\/p>\n<p><span class=\"text1noticias\"> <\/span><\/p>\n<p><span class=\"text1noticias\">En el transcurso del Segundo Banquete de Gala del Colegio Dominicano de Periodistas, filial New York, el productor y conductor de la revista televisiva Con Punto &amp; Coma.., que se transmite de lunes a viernes, en horario de 5:00 a 6:00 de la tarde, por Supercanal 33 y la Se\u00f1al Caribe, tambi\u00e9n recibi\u00f3 una proclama de reconocimiento de parte de la Asamblea Estatal de New York, la cual fue le\u00edda ante el p\u00fablico por el Asamble\u00edsta Dom\u00ednico-estadounidense Adriano Espaillat.<\/span><\/p>\n<p><span class=\"text1noticias\"> <\/span><\/p>\n<p><span class=\"text1noticias\">?La verdad que siento un gran placer entregando a mi hermano Triffolio esta proclama de la Asamblea Estatal de New York y lo exhorto a que contin\u00fae realizando el trabajo positivo que a trav\u00e9s de Supercanal 33 y la Se\u00f1al Caribe viene desarrollando con punto y coma en procura del crecimiento econ\u00f3mico, social y cultural de los latinoam\u00e9ricanos, principalmente dominicanos, residentes en La  Gran Uni\u00f3n Norteamericana?, resalt\u00f3 el asamble\u00edsta Espaillat.<\/span><\/p>\n<p><span class=\"text1noticias\"> <\/span><\/p>\n<p><span class=\"text1noticias\">Como expresi\u00f3n de gratitud ante lo manifestado, Cruz Triffolio asegur\u00f3 que si durante los ocho a\u00f1os que lleva su programa Con Punto &amp; Coma.., en la denominada pantalla chica nacional e internacional, con el respaldo de una valiosa teleaundiencia, el trabajo ha sido aquilatado como positivo, nadie debe dudar que, en el futuroinmediato, con el apoyo del Todopoderoso, los televidentes y el equipo ejecutivo de Supercanal 33 y la Se\u00f1al Caribe, en las personas del Ingeniero Frank Jorge El\u00edas y su hijo Marco Jorge, la oferta audiovisual ser\u00e1 m\u00e1s completa, diversa y atractiva.<\/span><\/p>\n<h6> 2009-05-05 16:52:51 <\/h6>\n<p><!--\n<link rel=\"stylesheet\" href=\"css\/bootstrap.min.css\">\n\n\n<ul class=\"pagination\">\n\t    \n\t\n\n<li >\n\t<a href='?page_no=21745'>Previous<\/a>\n\t<\/li>\n\n\n       \n    \n\n<li><a href='?page_no=1'>1<\/a><\/li>\n\n\n\n<li><a href='?page_no=2'>2<\/a><\/li>\n\n\n\n<li><a>...<\/a><\/li>\n\n\n\n<li><a href='?page_no=21744'>21744<\/a><\/li>\n\n\n\n<li><a href='?page_no=21745'>21745<\/a><\/li>\n\n\n\n<li class='active'><a>21746<\/a><\/li>\n\n\n\n<li><a href='?page_no=21747'>21747<\/a><\/li>\n\n\n\n<li><a href='?page_no=21748'>21748<\/a><\/li>\n\n\n\n<li><a>...<\/a><\/li>\n\n\n\n<li><a href='?page_no=22911'>22911<\/a><\/li>\n\n\n\n<li><a href='?page_no=22912'>22912<\/a><\/li>\n\n    \n\t\n\n<li >\n\t<a href='?page_no=21747'>Next<\/a>\n\t<\/li>\n\n\n    \n\n<li><a href='?page_no=22912'>Last &rsaquo;&rsaquo;<\/a><\/li>\n\n<\/ul>\n\n\n--><br \/>\n<\/body><\/p>\n","protected":false},"excerpt":{"rendered":"<p>El comunicador y soci\u00f3logo Juan Cruz Triffolio, productor y conductor del programa Con Punto &amp; Coma?, recibi\u00f3 una placa de reconocimiento y una proclama de la Asamblea Estatal de New York, entregradas por la directiva del Colegio Dominicano de Periodistas, filial NY y el asamble\u00edsta Adriano Espaillat, respectivamente, durante la celebraci\u00f3n del Segundo Banquete de [&hellip;]<\/p>\n","protected":false},"author":3,"featured_media":0,"comment_status":"open","ping_status":"open","sticky":false,"template":"","format":"standard","meta":{"footnotes":""},"categories":[21],"tags":[],"class_list":["post-70068","post","type-post","status-publish","format-standard","hentry","category-cultura"],"_links":{"self":[{"href":"https:\/\/diariodominicano.com\/index.php?rest_route=\/wp\/v2\/posts\/70068","targetHints":{"allow":["GET"]}}],"collection":[{"href":"https:\/\/diariodominicano.com\/index.php?rest_route=\/wp\/v2\/posts"}],"about":[{"href":"https:\/\/diariodominicano.com\/index.php?rest_route=\/wp\/v2\/types\/post"}],"author":[{"embeddable":true,"href":"https:\/\/diariodominicano.com\/index.php?rest_route=\/wp\/v2\/users\/3"}],"replies":[{"embeddable":true,"href":"https:\/\/diariodominicano.com\/index.php?rest_route=%2Fwp%2Fv2%2Fcomments&post=70068"}],"version-history":[{"count":0,"href":"https:\/\/diariodominicano.com\/index.php?rest_route=\/wp\/v2\/posts\/70068\/revisions"}],"wp:attachment":[{"href":"https:\/\/diariodominicano.com\/index.php?rest_route=%2Fwp%2Fv2%2Fmedia&parent=70068"}],"wp:term":[{"taxonomy":"category","embeddable":true,"href":"https:\/\/diariodominicano.com\/index.php?rest_route=%2Fwp%2Fv2%2Fcategories&post=70068"},{"taxonomy":"post_tag","embeddable":true,"href":"https:\/\/diariodominicano.com\/index.php?rest_route=%2Fwp%2Fv2%2Ftags&post=70068"}],"curies":[{"name":"wp","href":"https:\/\/api.w.org\/{rel}","templated":true}]}}