{"id":70066,"date":"2009-05-05T20:42:13","date_gmt":"2009-05-05T20:42:13","guid":{"rendered":"http:\/\/diariodominicano.ddns.net\/?p=70066"},"modified":"2009-05-05T20:42:13","modified_gmt":"2009-05-05T20:42:13","slug":"uasd-y-asociacion-de-camaras-juniors-firman-convenio-de-colaboracion","status":"publish","type":"post","link":"https:\/\/diariodominicano.com\/?p=70066","title":{"rendered":"UASD y Asociaci\u00f3n de C\u00e1maras Juniors firman convenio de colaboraci\u00f3n"},"content":{"rendered":"<p><body><\/p>\n<p><img decoding=\"async\" src=\"http:\/\/localhost:8080\/img3\/conbe.jpg\" \/>  <\/p>\n<p><span class=\"text1noticias\">La Universidad Aut\u00f3noma de Santo Domingo firm\u00f3 un acuerdo de colaboraci\u00f3n con la Asociaci\u00f3n de C\u00e1maras Juniors de la Rep\u00fablica Dominicana (JCI-RD), con el objetivo de crear un cap\u00edtulo universitario orientado a ofrecer oportunidades de capacitaci\u00f3n a los j\u00f3venes estudiantes y egresados de la UASD.<\/span><\/p>\n<\/p>\n<p><span class=\"text1noticias\">El convenio, que fue rubricado  en el sal\u00f3n del Consejo Universitario, por el rector de la instituci\u00f3n acad\u00e9mica, doctor Franklin Garc\u00eda Ferm\u00edn y Jomara Lockhart Rodr\u00edguez, presidenta nacional de la asociaci\u00f3n, tiene adem\u00e1s la finalidad de integrar a los estudiantes como ciudadanos activos mediante su capacitaci\u00f3n en diversas \u00e1reas.<\/span><\/p>\n<\/p>\n<p><span class=\"text1noticias\">Garc\u00eda Ferm\u00edn manifest\u00f3 que el pacto tambi\u00e9n busca el desarrollo de valores positivos en  los j\u00f3venes, que hagan de la universidad estatal una casa de estudios con alta pertinencia en Am\u00e9rica.<\/span><\/p>\n<\/p>\n<p><span class=\"text1noticias\">Dijo que la UASD es la instituci\u00f3n de este pa\u00eds ?que m\u00e1s contribuye con la movilidad social?, por la diversidad de personas que acoge la instituci\u00f3n, entre las que cit\u00f3 los j\u00f3venes de distintos extractos sociales. <\/span><\/p>\n<\/p>\n<p><span class=\"text1noticias\">Por su lado, Rodr\u00edguez dijo que con la firma de este convenio colabora a la creaci\u00f3n de un espacio para que los j\u00f3venes con inter\u00e9s c\u00edvicos  se unan a los mejores intereses de esta universidad.<\/span><\/p>\n<\/p>\n<p><span class=\"text1noticias\">De acuerdo a detalles ofrecidos durante la firma del acuerdo, el cap\u00edtulo universitario que ser\u00e1 creado se denominar\u00e1 ?JCI-UASD? y estar\u00e1 bajo la direcci\u00f3n y metodolog\u00eda de la Asociaci\u00f3n de C\u00e1maras Juniors de la Rep\u00fablica Dominicana,  con el apoyo irrestricto de la universidad estatal.<\/span><\/p>\n<\/p>\n<p><span class=\"text1noticias\">Se establece que los estudiantes y egresados de la academia de estudios superiores que sean miembros del Cap\u00edtulo Universitario, tendr\u00e1n acceso a cursos gratuitos y a la realizaci\u00f3n de actividades de car\u00e1cter educativo, social, filantr\u00f3pico y universitario que ayuden a enfrentar el cambio clim\u00e1tico.<\/span><\/p>\n<p><span class=\"text1noticias\">\t<\/span><\/p>\n<p><span class=\"text1noticias\">La promoci\u00f3n del desarrollo institucional ser\u00e1 otra de las acciones que motorizar\u00e1 ese cap\u00edtulo, que estar\u00e1 integrado por un comit\u00e9 gestor seleccionado por la JCI-RD, mientras que la universidad estatal se compromete a facilitar recursos log\u00edsticos para garantizar el buen desenvolvimiento del mismo, que tendr\u00e1 su centro de operaciones en la sede de la academia.<\/span><\/p>\n<p><span class=\"text1noticias\">\t<\/span><\/p>\n<p><span class=\"text1noticias\">Todos los centros universitarios regionales quedan incorporados al presente convenio, siendo compromisarios de crear otros cap\u00edtulos universitarios en las formas y condiciones previstas en el acuerdo.<\/span><\/p>\n<p><span class=\"text1noticias\"> <\/span><\/p>\n<p><span class=\"text1noticias\">En la actividad estuvieron presentes adem\u00e1s, las vicerrectoras de Investigaci\u00f3n y Postgrado, doctora Josefina Copplind, y Administrativa, maestra Maritza Camacho; el vicerrector de Extensi\u00f3n, maestro Rafael Nino F\u00e9liz; el secretario general, doctor Juan Medina; y la decana de la Facultad de Ciencias, maestra Miledys Alberto.<\/span><\/p>\n<\/p>\n<p><span class=\"text1noticias\">Tambi\u00e9n, el vicedecano de la Facultad de Ciencias Jur\u00eddicas y Pol\u00edticas, doctor Antonio Medina; el director de la Oficina Cooperativa Nacional e Internacional de la universidad estatal, doctor Mauro Canario; y el ex presidente mundial de la JCI, se\u00f1or Jorge Suncar Morales, as\u00ed como representantes de los organismos acad\u00e9micos Comunes, entre otros.<\/span><\/p>\n<h6> 2009-05-05 20:42:13 <\/h6>\n<p><!--\n<link rel=\"stylesheet\" href=\"css\/bootstrap.min.css\">\n\n\n<ul class=\"pagination\">\n\t    \n\t\n\n<li >\n\t<a href='?page_no=21743'>Previous<\/a>\n\t<\/li>\n\n\n       \n    \n\n<li><a href='?page_no=1'>1<\/a><\/li>\n\n\n\n<li><a href='?page_no=2'>2<\/a><\/li>\n\n\n\n<li><a>...<\/a><\/li>\n\n\n\n<li><a href='?page_no=21742'>21742<\/a><\/li>\n\n\n\n<li><a href='?page_no=21743'>21743<\/a><\/li>\n\n\n\n<li class='active'><a>21744<\/a><\/li>\n\n\n\n<li><a href='?page_no=21745'>21745<\/a><\/li>\n\n\n\n<li><a href='?page_no=21746'>21746<\/a><\/li>\n\n\n\n<li><a>...<\/a><\/li>\n\n\n\n<li><a href='?page_no=22911'>22911<\/a><\/li>\n\n\n\n<li><a href='?page_no=22912'>22912<\/a><\/li>\n\n    \n\t\n\n<li >\n\t<a href='?page_no=21745'>Next<\/a>\n\t<\/li>\n\n\n    \n\n<li><a href='?page_no=22912'>Last &rsaquo;&rsaquo;<\/a><\/li>\n\n<\/ul>\n\n\n--><br \/>\n<\/body><\/p>\n","protected":false},"excerpt":{"rendered":"<p>La Universidad Aut\u00f3noma de Santo Domingo firm\u00f3 un acuerdo de colaboraci\u00f3n con la Asociaci\u00f3n de C\u00e1maras Juniors de la Rep\u00fablica Dominicana (JCI-RD), con el objetivo de crear un cap\u00edtulo universitario orientado a ofrecer oportunidades de capacitaci\u00f3n a los j\u00f3venes estudiantes y egresados de la UASD. El convenio, que fue rubricado en el sal\u00f3n del Consejo [&hellip;]<\/p>\n","protected":false},"author":3,"featured_media":0,"comment_status":"open","ping_status":"open","sticky":false,"template":"","format":"standard","meta":{"footnotes":""},"categories":[21],"tags":[],"class_list":["post-70066","post","type-post","status-publish","format-standard","hentry","category-cultura"],"_links":{"self":[{"href":"https:\/\/diariodominicano.com\/index.php?rest_route=\/wp\/v2\/posts\/70066","targetHints":{"allow":["GET"]}}],"collection":[{"href":"https:\/\/diariodominicano.com\/index.php?rest_route=\/wp\/v2\/posts"}],"about":[{"href":"https:\/\/diariodominicano.com\/index.php?rest_route=\/wp\/v2\/types\/post"}],"author":[{"embeddable":true,"href":"https:\/\/diariodominicano.com\/index.php?rest_route=\/wp\/v2\/users\/3"}],"replies":[{"embeddable":true,"href":"https:\/\/diariodominicano.com\/index.php?rest_route=%2Fwp%2Fv2%2Fcomments&post=70066"}],"version-history":[{"count":0,"href":"https:\/\/diariodominicano.com\/index.php?rest_route=\/wp\/v2\/posts\/70066\/revisions"}],"wp:attachment":[{"href":"https:\/\/diariodominicano.com\/index.php?rest_route=%2Fwp%2Fv2%2Fmedia&parent=70066"}],"wp:term":[{"taxonomy":"category","embeddable":true,"href":"https:\/\/diariodominicano.com\/index.php?rest_route=%2Fwp%2Fv2%2Fcategories&post=70066"},{"taxonomy":"post_tag","embeddable":true,"href":"https:\/\/diariodominicano.com\/index.php?rest_route=%2Fwp%2Fv2%2Ftags&post=70066"}],"curies":[{"name":"wp","href":"https:\/\/api.w.org\/{rel}","templated":true}]}}