{"id":70065,"date":"2009-05-06T13:54:41","date_gmt":"2009-05-06T13:54:41","guid":{"rendered":"http:\/\/diariodominicano.ddns.net\/?p=70065"},"modified":"2009-05-06T13:54:41","modified_gmt":"2009-05-06T13:54:41","slug":"nubar-jazz-nights-by-jazz-en-dominicana","status":"publish","type":"post","link":"https:\/\/diariodominicano.com\/?p=70065","title":{"rendered":"Nu:bar Jazz Nights by Jazz en Dominicana"},"content":{"rendered":"<p><body><\/p>\n<p><img decoding=\"async\" src=\"img3\/jass.jpg\" \/>  <\/p>\n<p><span class=\"text1noticias\">Unas muy BUENAS noticias!!! Nace un nuevo espacio para los amantes de la m\u00fasica de los m\u00fasicos!!! <\/span><\/p>\n<\/p>\n<p><span class=\"text1noticias\">Jazz en Dominicana pasa a administrar un segundo espacio semanal!!! <\/span><\/p>\n<p><span class=\"text1noticias\">Adem\u00e1s de administrar el exitoso espacio: Jazz en Dominicana en Casa de Teatro, el cual se celebra todos los mi\u00e9rcoles, ahora adiciona el manejo de Nu:bar Jazz Nights by Jazz en Dominicana, el cual tendr\u00e1 lugar a las 9:00p.m. todos los martes, en Nu:bar Oriental Lounge.<\/span><\/p>\n<\/p>\n<p><span class=\"text1noticias\">Nu:bar y Jazz en Dominicana forman una alianza para ofrecer Jazz al p\u00fablico que reside en el casco urbano en un establecimiento de f\u00e1cil acceso, amplio parqueo y aire acondicionado. <\/span><\/p>\n<\/p>\n<p><span class=\"text1noticias\">Fernando Rodr\u00edguez De Mondesert inform\u00f3 que ?el formato a ser presentado es el de duetos, el cual es uno de los preferidos por los amantes del g\u00e9nero. Ejemplos de duetos son: Piano con saxof\u00f3n, tromb\u00f3n, trompeta, bajo, percusi\u00f3n, voz y otros. Guitarra con voz, bajo, percusi\u00f3n, trompeta y m\u00e1s. Las combinaciones son numerosas, siendo un reto para los m\u00fasicos el presentar repertorios a d\u00fao?.<\/span><\/p>\n<\/p>\n<p><span class=\"text1noticias\">Nu:bar Oriental Lounge, ubicado en Plaza Dorada &#8211; Avenida Roberto Pastoriza esq. Manuel de Jes\u00fas Troncoso &#8211; en el Ensanche Piantini, se caracteriza por un ambiente contempor\u00e1neo dirigido para un p\u00fablico adulto. Tiene una decoraci\u00f3n al estilo ?Glamour Oriental?, contando con una de las barras m\u00e1s completas del pa\u00eds con excelentes Martinis y m\u00e1s de cien c\u00f3cteles para los diferentes gustos de sus clientes. <\/span><\/p>\n<\/p>\n<p><span class=\"text1noticias\">Jazz en Dominicana es un proyecto que desde sus inicios en Octubre del 2006 ha desarrollado una labor de promoci\u00f3n sobre nuestros talentos en el g\u00e9nero del Jazz. <\/span><\/p>\n<p><span class=\"text1noticias\">El blog (http:\/\/jazzendominicana.blogspot.com) ha difundido en m\u00e1s de 330 art\u00edculos: rese\u00f1as de conciertos y festivales, entrevistas, biograf\u00edas, fotograf\u00edas y m\u00e1s sobre lo que cotidianamente denomina \u00a8los m\u00fasicos del patio\u00a8. <\/span><\/p>\n<\/p>\n<p><span class=\"text1noticias\">Cuenta con el espacio de Jazz en Dominicana en Casa de Teatro que lleva m\u00e1s de 18 meses brind\u00e1ndole al p\u00fablico que asiste mi\u00e9rcoles tras mi\u00e9rcoles una original programaci\u00f3n de Jazz en vivo realizado por nuestros m\u00fasicos, y desde el martes 5 de mayo brindar\u00e1 duetos de Jazz en  Nu:bar Oriental Lounge.<\/span><\/p>\n<\/p>\n<p><span class=\"text1noticias\">Actividad:<\/span><\/p>\n<p><span class=\"text1noticias\">Tema: \t\tNubar Jazz Nights by Jazz en Dominicana\t<\/span><\/p>\n<p><span class=\"text1noticias\">Dueto: \t\tMoreno Fassi (Tromb\u00f3n) y Bienvenido Dinzey (Piano) <\/span><\/p>\n<p><span class=\"text1noticias\">Fecha: \t\tMartes 5 de Mayo <\/span><\/p>\n<p><span class=\"text1noticias\">Lugar: \t\tNubar Oriental Lounge<\/span><\/p>\n<p><span class=\"text1noticias\">Direcci\u00f3n:\tPlaza Dorada &#8211; Roberto Pastoriza esq. Manuel de Jes\u00fas Troncoso <\/span><\/p>\n<p><span class=\"text1noticias\">Hora: \t\t9:00p.m.<\/span><\/p>\n<p><span class=\"text1noticias\">Precio: \tEntrada GRATIS<\/span><\/p>\n<\/p>\n<p><span class=\"text1noticias\">Esperamos su asistencia al evento, as\u00ed como su colaboraci\u00f3n con la difusi\u00f3n de estas informaciones, as\u00ed como su apoyo para continuar este proyecto que estamos realizando con el objetivo de lograr que el g\u00e9nero del Jazz pueda ser disfrutado y conocido por muchos Dominicanos que de otra forma no tendr\u00edan este privilegio.<\/span><\/p>\n<h6> 2009-05-06 13:54:41 <\/h6>\n<p><!--\n<link rel=\"stylesheet\" href=\"css\/bootstrap.min.css\">\n\n\n<ul class=\"pagination\">\n\t    \n\t\n\n<li >\n\t<a href='?page_no=21742'>Previous<\/a>\n\t<\/li>\n\n\n       \n    \n\n<li><a href='?page_no=1'>1<\/a><\/li>\n\n\n\n<li><a href='?page_no=2'>2<\/a><\/li>\n\n\n\n<li><a>...<\/a><\/li>\n\n\n\n<li><a href='?page_no=21741'>21741<\/a><\/li>\n\n\n\n<li><a href='?page_no=21742'>21742<\/a><\/li>\n\n\n\n<li class='active'><a>21743<\/a><\/li>\n\n\n\n<li><a href='?page_no=21744'>21744<\/a><\/li>\n\n\n\n<li><a href='?page_no=21745'>21745<\/a><\/li>\n\n\n\n<li><a>...<\/a><\/li>\n\n\n\n<li><a href='?page_no=22911'>22911<\/a><\/li>\n\n\n\n<li><a href='?page_no=22912'>22912<\/a><\/li>\n\n    \n\t\n\n<li >\n\t<a href='?page_no=21744'>Next<\/a>\n\t<\/li>\n\n\n    \n\n<li><a href='?page_no=22912'>Last &rsaquo;&rsaquo;<\/a><\/li>\n\n<\/ul>\n\n\n--><br \/>\n<\/body><\/p>\n","protected":false},"excerpt":{"rendered":"<p>Unas muy BUENAS noticias!!! Nace un nuevo espacio para los amantes de la m\u00fasica de los m\u00fasicos!!! Jazz en Dominicana pasa a administrar un segundo espacio semanal!!! Adem\u00e1s de administrar el exitoso espacio: Jazz en Dominicana en Casa de Teatro, el cual se celebra todos los mi\u00e9rcoles, ahora adiciona el manejo de Nu:bar Jazz Nights [&hellip;]<\/p>\n","protected":false},"author":3,"featured_media":0,"comment_status":"open","ping_status":"open","sticky":false,"template":"","format":"standard","meta":{"footnotes":""},"categories":[21],"tags":[],"class_list":["post-70065","post","type-post","status-publish","format-standard","hentry","category-cultura"],"_links":{"self":[{"href":"https:\/\/diariodominicano.com\/index.php?rest_route=\/wp\/v2\/posts\/70065","targetHints":{"allow":["GET"]}}],"collection":[{"href":"https:\/\/diariodominicano.com\/index.php?rest_route=\/wp\/v2\/posts"}],"about":[{"href":"https:\/\/diariodominicano.com\/index.php?rest_route=\/wp\/v2\/types\/post"}],"author":[{"embeddable":true,"href":"https:\/\/diariodominicano.com\/index.php?rest_route=\/wp\/v2\/users\/3"}],"replies":[{"embeddable":true,"href":"https:\/\/diariodominicano.com\/index.php?rest_route=%2Fwp%2Fv2%2Fcomments&post=70065"}],"version-history":[{"count":0,"href":"https:\/\/diariodominicano.com\/index.php?rest_route=\/wp\/v2\/posts\/70065\/revisions"}],"wp:attachment":[{"href":"https:\/\/diariodominicano.com\/index.php?rest_route=%2Fwp%2Fv2%2Fmedia&parent=70065"}],"wp:term":[{"taxonomy":"category","embeddable":true,"href":"https:\/\/diariodominicano.com\/index.php?rest_route=%2Fwp%2Fv2%2Fcategories&post=70065"},{"taxonomy":"post_tag","embeddable":true,"href":"https:\/\/diariodominicano.com\/index.php?rest_route=%2Fwp%2Fv2%2Ftags&post=70065"}],"curies":[{"name":"wp","href":"https:\/\/api.w.org\/{rel}","templated":true}]}}