{"id":70064,"date":"2009-05-06T13:56:13","date_gmt":"2009-05-06T13:56:13","guid":{"rendered":"http:\/\/diariodominicano.ddns.net\/?p=70064"},"modified":"2009-05-06T13:56:13","modified_gmt":"2009-05-06T13:56:13","slug":"el-centro-leon-en-santo-domingo-presentara-wifredo-garcia-la-trascendencia-de-una-obra","status":"publish","type":"post","link":"https:\/\/diariodominicano.com\/?p=70064","title":{"rendered":"El Centro Le\u00f3n en Santo Domingo presentar\u00e1 Wifredo Garc\u00eda: La trascendencia de una obra"},"content":{"rendered":"<p><body><\/p>\n<p><img decoding=\"async\" src=\"http:\/\/localhost:8080\/img3\/leona.jpg\" \/>  <\/p>\n<p><span class=\"text1noticias\">Como parte de las actividades paralelas a la exposici\u00f3n Wifredo Garc\u00eda: Peculiares obsesiones, el Centro Le\u00f3n se traslada hacia Santo Domingo para llevar a cabo un conversatorio que contar\u00e1 con la participaci\u00f3n de Marianne de Tolentino, Amable L\u00f3pez y Carlos Acero, quienes analizar\u00e1n la significaci\u00f3n de la obra de Wifredo Garc\u00eda en el panorama de la historia de la fotograf\u00eda dominicana. <\/span><\/p>\n<\/p>\n<p><span class=\"text1noticias\">En esta ocasi\u00f3n, el Centro Cultural de Espa\u00f1a acoge esta actividad, que se realizar\u00e1 el pr\u00f3ximo jueves 7 de mayo en las instalaciones de dicha instituci\u00f3n, para abordar uno de los aspectos principales dentro de la trayectoria de este reconocido fot\u00f3grafo. <\/span><\/p>\n<\/p>\n<p><span class=\"text1noticias\">De esta manera, el Centro Le\u00f3n contin\u00faa realizando encuentros en los que se pretende compartir experiencias cr\u00edticas, din\u00e1micas y participativas, como muestra de los procesos de socializaci\u00f3n que el arte genera. <\/span><\/p>\n<p><span class=\"text1noticias\"> <\/span><\/p>\n<p><span class=\"text1noticias\">Fecha: jueves 07 de mayo <\/span><\/p>\n<p><span class=\"text1noticias\">Hora:   6:00 p.m.<\/span><\/p>\n<p><span class=\"text1noticias\">Lugar: Centro Cultural de Espa\u00f1a, Santo Domingo<\/span><\/p>\n<p><span class=\"text1noticias\">Facilitadores: Marianne de Tolentino, Amable L\u00f3pez y Carlos Acero. <\/span><\/p>\n<h6> 2009-05-06 13:56:13 <\/h6>\n<p><!--\n<link rel=\"stylesheet\" href=\"css\/bootstrap.min.css\">\n\n\n<ul class=\"pagination\">\n\t    \n\t\n\n<li >\n\t<a href='?page_no=21741'>Previous<\/a>\n\t<\/li>\n\n\n       \n    \n\n<li><a href='?page_no=1'>1<\/a><\/li>\n\n\n\n<li><a href='?page_no=2'>2<\/a><\/li>\n\n\n\n<li><a>...<\/a><\/li>\n\n\n\n<li><a href='?page_no=21740'>21740<\/a><\/li>\n\n\n\n<li><a href='?page_no=21741'>21741<\/a><\/li>\n\n\n\n<li class='active'><a>21742<\/a><\/li>\n\n\n\n<li><a href='?page_no=21743'>21743<\/a><\/li>\n\n\n\n<li><a href='?page_no=21744'>21744<\/a><\/li>\n\n\n\n<li><a>...<\/a><\/li>\n\n\n\n<li><a href='?page_no=22911'>22911<\/a><\/li>\n\n\n\n<li><a href='?page_no=22912'>22912<\/a><\/li>\n\n    \n\t\n\n<li >\n\t<a href='?page_no=21743'>Next<\/a>\n\t<\/li>\n\n\n    \n\n<li><a href='?page_no=22912'>Last &rsaquo;&rsaquo;<\/a><\/li>\n\n<\/ul>\n\n\n--><br \/>\n<\/body><\/p>\n","protected":false},"excerpt":{"rendered":"<p>Como parte de las actividades paralelas a la exposici\u00f3n Wifredo Garc\u00eda: Peculiares obsesiones, el Centro Le\u00f3n se traslada hacia Santo Domingo para llevar a cabo un conversatorio que contar\u00e1 con la participaci\u00f3n de Marianne de Tolentino, Amable L\u00f3pez y Carlos Acero, quienes analizar\u00e1n la significaci\u00f3n de la obra de Wifredo Garc\u00eda en el panorama de [&hellip;]<\/p>\n","protected":false},"author":3,"featured_media":0,"comment_status":"open","ping_status":"open","sticky":false,"template":"","format":"standard","meta":{"footnotes":""},"categories":[21],"tags":[],"class_list":["post-70064","post","type-post","status-publish","format-standard","hentry","category-cultura"],"_links":{"self":[{"href":"https:\/\/diariodominicano.com\/index.php?rest_route=\/wp\/v2\/posts\/70064","targetHints":{"allow":["GET"]}}],"collection":[{"href":"https:\/\/diariodominicano.com\/index.php?rest_route=\/wp\/v2\/posts"}],"about":[{"href":"https:\/\/diariodominicano.com\/index.php?rest_route=\/wp\/v2\/types\/post"}],"author":[{"embeddable":true,"href":"https:\/\/diariodominicano.com\/index.php?rest_route=\/wp\/v2\/users\/3"}],"replies":[{"embeddable":true,"href":"https:\/\/diariodominicano.com\/index.php?rest_route=%2Fwp%2Fv2%2Fcomments&post=70064"}],"version-history":[{"count":0,"href":"https:\/\/diariodominicano.com\/index.php?rest_route=\/wp\/v2\/posts\/70064\/revisions"}],"wp:attachment":[{"href":"https:\/\/diariodominicano.com\/index.php?rest_route=%2Fwp%2Fv2%2Fmedia&parent=70064"}],"wp:term":[{"taxonomy":"category","embeddable":true,"href":"https:\/\/diariodominicano.com\/index.php?rest_route=%2Fwp%2Fv2%2Fcategories&post=70064"},{"taxonomy":"post_tag","embeddable":true,"href":"https:\/\/diariodominicano.com\/index.php?rest_route=%2Fwp%2Fv2%2Ftags&post=70064"}],"curies":[{"name":"wp","href":"https:\/\/api.w.org\/{rel}","templated":true}]}}