{"id":70063,"date":"2009-05-06T14:12:35","date_gmt":"2009-05-06T14:12:35","guid":{"rendered":"http:\/\/diariodominicano.ddns.net\/?p=70063"},"modified":"2009-05-06T14:12:35","modified_gmt":"2009-05-06T14:12:35","slug":"concluyen-celebracion-festival-regional-teatro","status":"publish","type":"post","link":"https:\/\/diariodominicano.com\/?p=70063","title":{"rendered":"Concluyen celebraci\u00f3n festival regional teatro"},"content":{"rendered":"<p><body><\/p>\n<p><img decoding=\"async\" src=\"http:\/\/localhost:8080\/img3\/coltor.jpg\" \/>  <\/p>\n<p><span class=\"text1noticias\">POR TEUDDY A. SANCHEZ. <\/span><\/p>\n<p><span class=\"text1noticias\">         <\/span><\/p>\n<p><span class=\"text1noticias\">BARAHONA.- Concluy\u00f3 con un rotundo \u00e9xito la celebraci\u00f3n del II Festival Regional de Teatro ?Mar\u00eda Montez?, donde participaron  grupos de Puerto Rico y Venezuela. <\/span><\/p>\n<p><span class=\"text1noticias\">  <\/span><\/p>\n<p><span class=\"text1noticias\">El licenciado Miguel Leger, director regional Sur dijo que el evento se realiz\u00f3 durante varios d\u00edas en los salones del Colegio Divina Pastora y la iglesia de la calle Mella  en esta ciudad. <\/span><\/p>\n<p><span class=\"text1noticias\">  <\/span><\/p>\n<p><span class=\"text1noticias\">El funcionario dijo que en representaci\u00f3n de esta localidad participaron, ?Teatro Perla del Sur, ?Teatro Los Faraones del Rey? y ?Teatro de Cienaga?entre otros. <\/span><\/p>\n<p><span class=\"text1noticias\">  <\/span><\/p>\n<p><span class=\"text1noticias\">El licenciado Leger expres\u00f3 que por Azua y San Juan de la Maguana participaron ?Teatro Sur? y el ayuntamiento del granero del sur. <\/span><\/p>\n<p><span class=\"text1noticias\">  <\/span><\/p>\n<p><span class=\"text1noticias\">Dijo que en la actividad se presentaron varias obras teatrales, las cuales fueron aplaudidas por los presentes quienes abarrotaron el sal\u00f3n del centro de estudios y del templo religioso. <\/span><\/p>\n<p><span class=\"text1noticias\">  <\/span><\/p>\n<p><span class=\"text1noticias\">?Este festival regional de teatro llen\u00f3 todas las expectativas que el publico esperaba y los organizadores del evento? puntualiz\u00f3? <\/span><\/p>\n<p><span class=\"text1noticias\">  <\/span><\/p>\n<p><span class=\"text1noticias\">El licenciado Leger agradeci\u00f3 el respaldo ofrecido por el licenciado  Jos\u00e9 Rafael Lantigua, secretario de Estado de Cultura a la actividad. <\/span><\/p>\n<p><span class=\"text1noticias\">  <\/span><\/p>\n<p><span class=\"text1noticias\">Adem\u00e1s agradeci\u00f3 el apoyo del sub-secretario de Cultura Mateo Morrison y de otros funcionarios de la cartera.<\/span><\/p>\n<h6> 2009-05-06 14:12:35 <\/h6>\n<p><!--\n<link rel=\"stylesheet\" href=\"css\/bootstrap.min.css\">\n\n\n<ul class=\"pagination\">\n\t    \n\t\n\n<li >\n\t<a href='?page_no=21740'>Previous<\/a>\n\t<\/li>\n\n\n       \n    \n\n<li><a href='?page_no=1'>1<\/a><\/li>\n\n\n\n<li><a href='?page_no=2'>2<\/a><\/li>\n\n\n\n<li><a>...<\/a><\/li>\n\n\n\n<li><a href='?page_no=21739'>21739<\/a><\/li>\n\n\n\n<li><a href='?page_no=21740'>21740<\/a><\/li>\n\n\n\n<li class='active'><a>21741<\/a><\/li>\n\n\n\n<li><a href='?page_no=21742'>21742<\/a><\/li>\n\n\n\n<li><a href='?page_no=21743'>21743<\/a><\/li>\n\n\n\n<li><a>...<\/a><\/li>\n\n\n\n<li><a href='?page_no=22911'>22911<\/a><\/li>\n\n\n\n<li><a href='?page_no=22912'>22912<\/a><\/li>\n\n    \n\t\n\n<li >\n\t<a href='?page_no=21742'>Next<\/a>\n\t<\/li>\n\n\n    \n\n<li><a href='?page_no=22912'>Last &rsaquo;&rsaquo;<\/a><\/li>\n\n<\/ul>\n\n\n--><br \/>\n<\/body><\/p>\n","protected":false},"excerpt":{"rendered":"<p>POR TEUDDY A. SANCHEZ. BARAHONA.- Concluy\u00f3 con un rotundo \u00e9xito la celebraci\u00f3n del II Festival Regional de Teatro ?Mar\u00eda Montez?, donde participaron grupos de Puerto Rico y Venezuela. El licenciado Miguel Leger, director regional Sur dijo que el evento se realiz\u00f3 durante varios d\u00edas en los salones del Colegio Divina Pastora y la iglesia de [&hellip;]<\/p>\n","protected":false},"author":3,"featured_media":0,"comment_status":"open","ping_status":"open","sticky":false,"template":"","format":"standard","meta":{"footnotes":""},"categories":[21],"tags":[],"class_list":["post-70063","post","type-post","status-publish","format-standard","hentry","category-cultura"],"_links":{"self":[{"href":"https:\/\/diariodominicano.com\/index.php?rest_route=\/wp\/v2\/posts\/70063","targetHints":{"allow":["GET"]}}],"collection":[{"href":"https:\/\/diariodominicano.com\/index.php?rest_route=\/wp\/v2\/posts"}],"about":[{"href":"https:\/\/diariodominicano.com\/index.php?rest_route=\/wp\/v2\/types\/post"}],"author":[{"embeddable":true,"href":"https:\/\/diariodominicano.com\/index.php?rest_route=\/wp\/v2\/users\/3"}],"replies":[{"embeddable":true,"href":"https:\/\/diariodominicano.com\/index.php?rest_route=%2Fwp%2Fv2%2Fcomments&post=70063"}],"version-history":[{"count":0,"href":"https:\/\/diariodominicano.com\/index.php?rest_route=\/wp\/v2\/posts\/70063\/revisions"}],"wp:attachment":[{"href":"https:\/\/diariodominicano.com\/index.php?rest_route=%2Fwp%2Fv2%2Fmedia&parent=70063"}],"wp:term":[{"taxonomy":"category","embeddable":true,"href":"https:\/\/diariodominicano.com\/index.php?rest_route=%2Fwp%2Fv2%2Fcategories&post=70063"},{"taxonomy":"post_tag","embeddable":true,"href":"https:\/\/diariodominicano.com\/index.php?rest_route=%2Fwp%2Fv2%2Ftags&post=70063"}],"curies":[{"name":"wp","href":"https:\/\/api.w.org\/{rel}","templated":true}]}}