{"id":70061,"date":"2009-05-06T23:02:56","date_gmt":"2009-05-06T23:02:56","guid":{"rendered":"http:\/\/diariodominicano.ddns.net\/?p=70061"},"modified":"2009-05-06T23:02:56","modified_gmt":"2009-05-06T23:02:56","slug":"realizan-feria-para-estrechar-lazos-dominico-haitianos","status":"publish","type":"post","link":"https:\/\/diariodominicano.com\/?p=70061","title":{"rendered":"Realizan feria para estrechar lazos Dominico-Haitianos"},"content":{"rendered":"<p><body><\/p>\n<p><span class=\"text1noticias\">SANTO DOMINGO.- El senador Dionis S\u00e1nchez (PLD-Pedernales)  y Jacquel\u00edne Boin, presidenta de la Fundaci\u00f3n Ciencia y Arte, anunciaron la celebraci\u00f3n de la IV Feria Binacional Ecotur\u00edstica y de Producci\u00f3n, desde el 21 de noviembre al 6 de diciembre del presente a\u00f1o.<\/span><\/p>\n<\/p>\n<p><span class=\"text1noticias\">Expresaron que la feria est\u00e1 motivada para fortalecer las relaciones entre haitianos y  dominicanos, como un llamado a la hermandad y fortalecimiento de la econom\u00eda de ambos pa\u00edses.<\/span><\/p>\n<\/p>\n<p><span class=\"text1noticias\">La presidenta de la Fundaci\u00f3n  Ciencia y Arte  expres\u00f3 que para lograrlo es necesario  trabajar en conjunto creando conciencia en la poblaci\u00f3n para  que  los resultados sean fruct\u00edferos.<\/span><\/p>\n<\/p>\n<p><span class=\"text1noticias\">Indic\u00f3 que este evento lo organiza la Fundaci\u00f3n conjuntamente con la Oficina de Gesti\u00f3n Senatorial de la provincia Pedernales y que se montar\u00e1 en la l\u00ednea divisoria entre Pedernales y Anse-A-Pitre.<\/span><\/p>\n<\/p>\n<p><span class=\"text1noticias\">?Llevamos bastante avanzados los trabajos preparativos de la Feria, ya hemos reunido  a los representantes de ambas comunidades, tenemos comit\u00e9s que trabajan en la elaboraci\u00f3n del programa. Hay un programa cient\u00edfico para tratar todo lo relativo al corredor biol\u00f3gico y a la zona de bi\u00f3sfera?, adelant\u00f3.<\/span><\/p>\n<\/p>\n<p><span class=\"text1noticias\">Boin explic\u00f3 que la Feria tiene el prop\u00f3sito de  dar a conocer  los potenciales y encantos ecotur\u00edsticos, y que esas dos comunidades fronterizas se integren a un proceso de desarrollo de turismo sostenible y de ecoturismo.<\/span><\/p>\n<\/p>\n<p><span class=\"text1noticias\">?Con esta feria se crea un esp\u00edritu de iniciativas de empresas peque\u00f1as para explotar esas bellezas naturales y sacarle provecho econ\u00f3mico y as\u00ed mejorar los niveles de vida de la zona?, se\u00f1al\u00f3. <\/span><\/p>\n<\/p>\n<p><span class=\"text1noticias\">Asimismo, dijo que la Feria Binacional abarcar\u00e1  las comunidades de Pedernales, Anse-A-Pitre  y toda la costa que va hasta la comunidad haitiana de Jacmel.<\/span><\/p>\n<h6> 2009-05-06 23:02:56 <\/h6>\n<p><!--\n<link rel=\"stylesheet\" href=\"css\/bootstrap.min.css\">\n\n\n<ul class=\"pagination\">\n\t    \n\t\n\n<li >\n\t<a href='?page_no=21738'>Previous<\/a>\n\t<\/li>\n\n\n       \n    \n\n<li><a href='?page_no=1'>1<\/a><\/li>\n\n\n\n<li><a href='?page_no=2'>2<\/a><\/li>\n\n\n\n<li><a>...<\/a><\/li>\n\n\n\n<li><a href='?page_no=21737'>21737<\/a><\/li>\n\n\n\n<li><a href='?page_no=21738'>21738<\/a><\/li>\n\n\n\n<li class='active'><a>21739<\/a><\/li>\n\n\n\n<li><a href='?page_no=21740'>21740<\/a><\/li>\n\n\n\n<li><a href='?page_no=21741'>21741<\/a><\/li>\n\n\n\n<li><a>...<\/a><\/li>\n\n\n\n<li><a href='?page_no=22911'>22911<\/a><\/li>\n\n\n\n<li><a href='?page_no=22912'>22912<\/a><\/li>\n\n    \n\t\n\n<li >\n\t<a href='?page_no=21740'>Next<\/a>\n\t<\/li>\n\n\n    \n\n<li><a href='?page_no=22912'>Last &rsaquo;&rsaquo;<\/a><\/li>\n\n<\/ul>\n\n\n--><br \/>\n<\/body><\/p>\n","protected":false},"excerpt":{"rendered":"<p>SANTO DOMINGO.- El senador Dionis S\u00e1nchez (PLD-Pedernales) y Jacquel\u00edne Boin, presidenta de la Fundaci\u00f3n Ciencia y Arte, anunciaron la celebraci\u00f3n de la IV Feria Binacional Ecotur\u00edstica y de Producci\u00f3n, desde el 21 de noviembre al 6 de diciembre del presente a\u00f1o. Expresaron que la feria est\u00e1 motivada para fortalecer las relaciones entre haitianos y dominicanos, [&hellip;]<\/p>\n","protected":false},"author":3,"featured_media":0,"comment_status":"open","ping_status":"open","sticky":false,"template":"","format":"standard","meta":{"footnotes":""},"categories":[21],"tags":[],"class_list":["post-70061","post","type-post","status-publish","format-standard","hentry","category-cultura"],"_links":{"self":[{"href":"https:\/\/diariodominicano.com\/index.php?rest_route=\/wp\/v2\/posts\/70061","targetHints":{"allow":["GET"]}}],"collection":[{"href":"https:\/\/diariodominicano.com\/index.php?rest_route=\/wp\/v2\/posts"}],"about":[{"href":"https:\/\/diariodominicano.com\/index.php?rest_route=\/wp\/v2\/types\/post"}],"author":[{"embeddable":true,"href":"https:\/\/diariodominicano.com\/index.php?rest_route=\/wp\/v2\/users\/3"}],"replies":[{"embeddable":true,"href":"https:\/\/diariodominicano.com\/index.php?rest_route=%2Fwp%2Fv2%2Fcomments&post=70061"}],"version-history":[{"count":0,"href":"https:\/\/diariodominicano.com\/index.php?rest_route=\/wp\/v2\/posts\/70061\/revisions"}],"wp:attachment":[{"href":"https:\/\/diariodominicano.com\/index.php?rest_route=%2Fwp%2Fv2%2Fmedia&parent=70061"}],"wp:term":[{"taxonomy":"category","embeddable":true,"href":"https:\/\/diariodominicano.com\/index.php?rest_route=%2Fwp%2Fv2%2Fcategories&post=70061"},{"taxonomy":"post_tag","embeddable":true,"href":"https:\/\/diariodominicano.com\/index.php?rest_route=%2Fwp%2Fv2%2Ftags&post=70061"}],"curies":[{"name":"wp","href":"https:\/\/api.w.org\/{rel}","templated":true}]}}