{"id":70060,"date":"2009-05-07T12:17:44","date_gmt":"2009-05-07T12:17:44","guid":{"rendered":"http:\/\/diariodominicano.ddns.net\/?p=70060"},"modified":"2009-05-07T12:17:44","modified_gmt":"2009-05-07T12:17:44","slug":"presidente-fernandez-asiste-a-la-premier-pelicula-vin-diesel","status":"publish","type":"post","link":"https:\/\/diariodominicano.com\/?p=70060","title":{"rendered":"Presidente Fern\u00e1ndez asiste a la premier pel\u00edcula Vin Diesel"},"content":{"rendered":"<p><body><\/p>\n<p><img decoding=\"async\" src=\"http:\/\/localhost:8080\/img3\/vine.jpg\" \/>  <\/p>\n<p><span class=\"text1noticias\">6 de Mayo del 2009<\/span><\/p>\n<\/p>\n<p><span class=\"text1noticias\">El presidente Leonel Fern\u00e1ndez encabez\u00f3 la noche de este mi\u00e9rcoles la presentaci\u00f3n del cortometraje  ?Los Bandoleros? y del filme ?R\u00e1pido y Furioso en el Caribe?, en una presentaci\u00f3n especial en el Centro Cultural Mauricio B\u00e1ez, en Villa Juana.<\/span><\/p>\n<\/p>\n<p><span class=\"text1noticias\">El actor principal del cortometraje Los bandoleros, Vin Diesel, quien estuvo presente, tom\u00f3 la palabra, y dijo que la premier se hac\u00eda en Villa Juana, porque el presidente Fern\u00e1ndez es su amigo.<\/span><\/p>\n<\/p>\n<p><span class=\"text1noticias\">El mandatario acudi\u00f3 a la presentaci\u00f3n acompa\u00f1ado de su se\u00f1ora esposa, la Primera Dama de la Rep\u00fablica, Margarita Cede\u00f1o.<\/span><\/p>\n<\/p>\n<p><span class=\"text1noticias\">Por la ?alfombra roja? del Centro Cultural Mauricio B\u00e1ez, desfilaron invitados especiales y los actores Vin Diesel, Michelle Rodr\u00edguez, Tego Calder\u00f3n, Laz Alonso, Mirtha Michelle y Juan Fern\u00e1ndez, de origen dominicano.<\/span><\/p>\n<\/p>\n<p><span class=\"text1noticias\">Figuras de la pol\u00edtica y del deporte dominicano asistieron a la presentaci\u00f3n, entre ellos Milagros Ortiz Bosch, y el destacado lanzador Pedro Mart\u00ednez.<\/span><\/p>\n<\/p>\n<p><span class=\"text1noticias\">Adem\u00e1s estaban presentes el secretario de Estado de Cultura, Jos\u00e9 Rafael Lantigua, y el presidente del Club Mauricio B\u00e1ez, Leo Corpor\u00e1n.<\/span><\/p>\n<\/p>\n<p><span class=\"text1noticias\">A su salida del anfiteatro, el mandatario se confundi\u00f3 en abrazos con la multitud que lo esper\u00f3 para ovacionarlo con aplausos.<\/span><\/p>\n<\/p>\n<p><span class=\"text1noticias\">?Los Bandoleros? es un cortometraje que fue grabado en su totalidad en la Rep\u00fablica Dominicana.<\/span><\/p>\n<p><span class=\"text1noticias\">Al final de la proyecci\u00f3n tuvo lugar un c\u00f3ctel compartido por el Presidente y el elenco de las pel\u00edculas.<\/span><\/p>\n<\/p>\n<p><span class=\"text1noticias\">Se trata de una iniciativa de Universal Studios, One Race Films y Funglode a trav\u00e9s de su Instituto Global Multimedia (IGM), como forma de dar las gracias a los profesionales y a las autoridades de la Rep\u00fablica Dominicana y a los estudiantes del programa One Race Global Film Foundation- Funglode -envueltos en la producci\u00f3n y realizaci\u00f3n del cortometraje- por su dedicaci\u00f3n, hospitalidad y profesionalidad para poder rodar pel\u00edculas en el pa\u00eds.<\/span><\/p>\n<\/p>\n<p><span class=\"text1noticias\">Es la cuarta entrega de una serie que ha sido adaptada en juegos de video debido a sus elaboradas persecuciones en autom\u00f3viles de carrera y relatos b\u00e1sicos.<\/span><\/p>\n<h6> 2009-05-07 12:17:44 <\/h6>\n<p><!--\n<link rel=\"stylesheet\" href=\"css\/bootstrap.min.css\">\n\n\n<ul class=\"pagination\">\n\t    \n\t\n\n<li >\n\t<a href='?page_no=21737'>Previous<\/a>\n\t<\/li>\n\n\n       \n    \n\n<li><a href='?page_no=1'>1<\/a><\/li>\n\n\n\n<li><a href='?page_no=2'>2<\/a><\/li>\n\n\n\n<li><a>...<\/a><\/li>\n\n\n\n<li><a href='?page_no=21736'>21736<\/a><\/li>\n\n\n\n<li><a href='?page_no=21737'>21737<\/a><\/li>\n\n\n\n<li class='active'><a>21738<\/a><\/li>\n\n\n\n<li><a href='?page_no=21739'>21739<\/a><\/li>\n\n\n\n<li><a href='?page_no=21740'>21740<\/a><\/li>\n\n\n\n<li><a>...<\/a><\/li>\n\n\n\n<li><a href='?page_no=22911'>22911<\/a><\/li>\n\n\n\n<li><a href='?page_no=22912'>22912<\/a><\/li>\n\n    \n\t\n\n<li >\n\t<a href='?page_no=21739'>Next<\/a>\n\t<\/li>\n\n\n    \n\n<li><a href='?page_no=22912'>Last &rsaquo;&rsaquo;<\/a><\/li>\n\n<\/ul>\n\n\n--><br \/>\n<\/body><\/p>\n","protected":false},"excerpt":{"rendered":"<p>6 de Mayo del 2009 El presidente Leonel Fern\u00e1ndez encabez\u00f3 la noche de este mi\u00e9rcoles la presentaci\u00f3n del cortometraje ?Los Bandoleros? y del filme ?R\u00e1pido y Furioso en el Caribe?, en una presentaci\u00f3n especial en el Centro Cultural Mauricio B\u00e1ez, en Villa Juana. El actor principal del cortometraje Los bandoleros, Vin Diesel, quien estuvo presente, [&hellip;]<\/p>\n","protected":false},"author":3,"featured_media":0,"comment_status":"open","ping_status":"open","sticky":false,"template":"","format":"standard","meta":{"footnotes":""},"categories":[21],"tags":[],"class_list":["post-70060","post","type-post","status-publish","format-standard","hentry","category-cultura"],"_links":{"self":[{"href":"https:\/\/diariodominicano.com\/index.php?rest_route=\/wp\/v2\/posts\/70060","targetHints":{"allow":["GET"]}}],"collection":[{"href":"https:\/\/diariodominicano.com\/index.php?rest_route=\/wp\/v2\/posts"}],"about":[{"href":"https:\/\/diariodominicano.com\/index.php?rest_route=\/wp\/v2\/types\/post"}],"author":[{"embeddable":true,"href":"https:\/\/diariodominicano.com\/index.php?rest_route=\/wp\/v2\/users\/3"}],"replies":[{"embeddable":true,"href":"https:\/\/diariodominicano.com\/index.php?rest_route=%2Fwp%2Fv2%2Fcomments&post=70060"}],"version-history":[{"count":0,"href":"https:\/\/diariodominicano.com\/index.php?rest_route=\/wp\/v2\/posts\/70060\/revisions"}],"wp:attachment":[{"href":"https:\/\/diariodominicano.com\/index.php?rest_route=%2Fwp%2Fv2%2Fmedia&parent=70060"}],"wp:term":[{"taxonomy":"category","embeddable":true,"href":"https:\/\/diariodominicano.com\/index.php?rest_route=%2Fwp%2Fv2%2Fcategories&post=70060"},{"taxonomy":"post_tag","embeddable":true,"href":"https:\/\/diariodominicano.com\/index.php?rest_route=%2Fwp%2Fv2%2Ftags&post=70060"}],"curies":[{"name":"wp","href":"https:\/\/api.w.org\/{rel}","templated":true}]}}