{"id":70059,"date":"2009-05-07T17:25:06","date_gmt":"2009-05-07T17:25:06","guid":{"rendered":"http:\/\/diariodominicano.ddns.net\/?p=70059"},"modified":"2009-05-07T17:25:06","modified_gmt":"2009-05-07T17:25:06","slug":"obras-maestras-de-la-pintura-universal-se-exhibieron-en-la-feria-del-libro","status":"publish","type":"post","link":"https:\/\/diariodominicano.com\/?p=70059","title":{"rendered":"Obras maestras de la pintura Universal se exhibieron en la Feria del Libro"},"content":{"rendered":"<p><body><\/p>\n<p><img decoding=\"async\" src=\"http:\/\/localhost:8080\/img3\/moso.jpg\" \/>  <\/p>\n<p><span class=\"text1noticias\">Con los auspicios de la Fundaci\u00f3n de Estudios Econ\u00f3micos y Pol\u00edticos,  el Museo de la R\u00e9plica abri\u00f3 al p\u00fablico por cuarto a\u00f1o consecutivo la exposici\u00f3n de obras maestras de la pintura Universal  en la Feria Internacional del Libro Santo Domingo 2009.<\/span><\/p>\n<p><span class=\"text1noticias\"> <\/span><\/p>\n<p><span class=\"text1noticias\">Entre los  grandes maestros de la pl\u00e1stica mundial de quienes se exhiben sus obras est\u00e1n: Leonardo Da Vinci, Rubens, Durero, Rabel, El Greco, Murillo, Fra Ang\u00e9lico, Tintoreto, Tiziano, Bellini, El Bosco,  Rembramdt y Sorolla. <\/span><\/p>\n<p><span class=\"text1noticias\"> <\/span><\/p>\n<p><span class=\"text1noticias\">Este a\u00f1o  a las obras del Museo del Prado en Espa\u00f1a y el Louvre de Francia, el Museo la R\u00e9plica adicion\u00f3  las piezas maestras del Museo del Hermitage de San Petersburgo, Rusia, considerada una de las mayores pinacotecas y museos de antig\u00fcedades del mundo, entre ellas lo mejor de Picasso, Gauguin, Monet, Matisse, Renoir C\u00e9zanne y Van Gogh.<\/span><\/p>\n<p><span class=\"text1noticias\"> <\/span><\/p>\n<p><span class=\"text1noticias\">La apertura de la exposici\u00f3n cont\u00f3 con la presencia del Subsecretario de Desarrollo Institucional de la Secretar\u00eda de Estado de Cultura, Mateo Morrison, el Director General de la Feria del Libro, Alejandro Arvelo, miembros del cuerpo diplom\u00e1tico acreditado en el pa\u00eds y artistas pl\u00e1sticos. <\/span><\/p>\n<p><span class=\"text1noticias\"> <\/span><\/p>\n<p><span class=\"text1noticias\">El presidente del Museo de R\u00e9plicas y embajador dominicano en  Colombia, \u00c1ngel Lockward, dijo que el pr\u00f3ximo a\u00f1o a petici\u00f3n del Colegio Dominicanos de Artes pl\u00e1sticas, a la r\u00e9plicas que se exhiben  de la pintura universal se a\u00f1adir\u00e1 un nuevo pabell\u00f3n con la contempor\u00e1nea dominicana,  con originales que incluyen a pintores como C\u00e1ndido Bid\u00f3, Antonio Guadalupe, Rosa Tav\u00e1rez, Guillo P\u00e9rez, Alberto Ulloa y otros.<\/span><\/p>\n<p><span class=\"text1noticias\"> <\/span><\/p>\n<p><span class=\"text1noticias\">Anunci\u00f3 para  el 20 de mayo la apertura de la primera parte de la muestra itinerante de pintores dominicanos, que  recorrer\u00e1 las principales ciudades de Colombia  con 20 obras de Osiris G\u00f3mez, Luz Severino, Rosa Tav\u00e1rez, Alberto Ulloa y Antonio Guadalupe.<\/span><\/p>\n<p><span class=\"text1noticias\"> <\/span><\/p>\n<p><span class=\"text1noticias\">En al acto tambi\u00e9n habl\u00f3 Alejandro Arvelo quien dijo que la feria abarca el arte pl\u00e1stico y como muestra el Museo de Arte Moderno actualmente exhibe Aguas, la exposici\u00f3n en honor a Harol Priego y otras, al tiempo que involucra a los j\u00f3venes de Bellas Artes, quienes pintan el personaje honrado del d\u00eda.<\/span><\/p>\n<p><span class=\"text1noticias\"> <\/span><\/p>\n<p><span class=\"text1noticias\">Sin embargo, expres\u00f3 que el aporte que hace la Fundaci\u00f3n que preside Lockward es un  atractivo adicional de la Feria.<\/span><\/p>\n<p><span class=\"text1noticias\"> <\/span><\/p>\n<p><span class=\"text1noticias\">La exposici\u00f3n esta abierta en  el Auditorio del Museo del Hombre Dominicano y se exhibe permanentemente en las oficinas de la Fundaci\u00f3n  Estudios Econ\u00f3micos y Pol\u00edticos. <\/span><\/p>\n<h6> 2009-05-07 17:25:06 <\/h6>\n<p><!--\n<link rel=\"stylesheet\" href=\"css\/bootstrap.min.css\">\n\n\n<ul class=\"pagination\">\n\t    \n\t\n\n<li >\n\t<a href='?page_no=21736'>Previous<\/a>\n\t<\/li>\n\n\n       \n    \n\n<li><a href='?page_no=1'>1<\/a><\/li>\n\n\n\n<li><a href='?page_no=2'>2<\/a><\/li>\n\n\n\n<li><a>...<\/a><\/li>\n\n\n\n<li><a href='?page_no=21735'>21735<\/a><\/li>\n\n\n\n<li><a href='?page_no=21736'>21736<\/a><\/li>\n\n\n\n<li class='active'><a>21737<\/a><\/li>\n\n\n\n<li><a href='?page_no=21738'>21738<\/a><\/li>\n\n\n\n<li><a href='?page_no=21739'>21739<\/a><\/li>\n\n\n\n<li><a>...<\/a><\/li>\n\n\n\n<li><a href='?page_no=22911'>22911<\/a><\/li>\n\n\n\n<li><a href='?page_no=22912'>22912<\/a><\/li>\n\n    \n\t\n\n<li >\n\t<a href='?page_no=21738'>Next<\/a>\n\t<\/li>\n\n\n    \n\n<li><a href='?page_no=22912'>Last &rsaquo;&rsaquo;<\/a><\/li>\n\n<\/ul>\n\n\n--><br \/>\n<\/body><\/p>\n","protected":false},"excerpt":{"rendered":"<p>Con los auspicios de la Fundaci\u00f3n de Estudios Econ\u00f3micos y Pol\u00edticos, el Museo de la R\u00e9plica abri\u00f3 al p\u00fablico por cuarto a\u00f1o consecutivo la exposici\u00f3n de obras maestras de la pintura Universal en la Feria Internacional del Libro Santo Domingo 2009. Entre los grandes maestros de la pl\u00e1stica mundial de quienes se exhiben sus obras [&hellip;]<\/p>\n","protected":false},"author":3,"featured_media":0,"comment_status":"open","ping_status":"open","sticky":false,"template":"","format":"standard","meta":{"footnotes":""},"categories":[21],"tags":[],"class_list":["post-70059","post","type-post","status-publish","format-standard","hentry","category-cultura"],"_links":{"self":[{"href":"https:\/\/diariodominicano.com\/index.php?rest_route=\/wp\/v2\/posts\/70059","targetHints":{"allow":["GET"]}}],"collection":[{"href":"https:\/\/diariodominicano.com\/index.php?rest_route=\/wp\/v2\/posts"}],"about":[{"href":"https:\/\/diariodominicano.com\/index.php?rest_route=\/wp\/v2\/types\/post"}],"author":[{"embeddable":true,"href":"https:\/\/diariodominicano.com\/index.php?rest_route=\/wp\/v2\/users\/3"}],"replies":[{"embeddable":true,"href":"https:\/\/diariodominicano.com\/index.php?rest_route=%2Fwp%2Fv2%2Fcomments&post=70059"}],"version-history":[{"count":0,"href":"https:\/\/diariodominicano.com\/index.php?rest_route=\/wp\/v2\/posts\/70059\/revisions"}],"wp:attachment":[{"href":"https:\/\/diariodominicano.com\/index.php?rest_route=%2Fwp%2Fv2%2Fmedia&parent=70059"}],"wp:term":[{"taxonomy":"category","embeddable":true,"href":"https:\/\/diariodominicano.com\/index.php?rest_route=%2Fwp%2Fv2%2Fcategories&post=70059"},{"taxonomy":"post_tag","embeddable":true,"href":"https:\/\/diariodominicano.com\/index.php?rest_route=%2Fwp%2Fv2%2Ftags&post=70059"}],"curies":[{"name":"wp","href":"https:\/\/api.w.org\/{rel}","templated":true}]}}