{"id":70056,"date":"2009-05-08T13:39:42","date_gmt":"2009-05-08T13:39:42","guid":{"rendered":"http:\/\/diariodominicano.ddns.net\/?p=70056"},"modified":"2009-05-08T13:39:42","modified_gmt":"2009-05-08T13:39:42","slug":"preven-que-en-pocos-anos-los-libros-electronicos-acapararan-la-mitad-del-negocio-editorial","status":"publish","type":"post","link":"https:\/\/diariodominicano.com\/?p=70056","title":{"rendered":"Prev\u00e9n que en pocos a\u00f1os los libros electr\u00f3nicos acaparar\u00e1n la mitad del negocio editorial"},"content":{"rendered":"<p><body><\/p>\n<p><img decoding=\"async\" src=\"http:\/\/localhost:8080\/img3\/preve.jpg\" \/>  <\/p>\n<p><span class=\"text1noticias\">Expertos espa\u00f1oles estiman que incluso podr\u00eda representar el 50 por ciento del negocio.<\/span><\/p>\n<\/p>\n<p><span class=\"text1noticias\">por EFE &#8211; 07\/05\/2009 &#8211; 11:44 <\/span><\/p>\n<\/p>\n<p><span class=\"text1noticias\">Editores, libreros y profesionales relacionados con esta industria y las nuevas tecnolog\u00edas prev\u00e9n que el libro electr\u00f3nico represente el 50 por ciento del negocio de los editores, pese a que actualmente el volumen de los e-book ni siquiera llega al uno del por ciento.<\/span><\/p>\n<\/p>\n<p><span class=\"text1noticias\">No obstante, los expertos reunidos en Madrid en el foro \u00abe-book y edici\u00f3n digital: hacia una nueva cadena de valor del contenido\u00bb apuestan porque el despegue del libro electr\u00f3nico sea r\u00e1pido, ya que en estos momentos se dan todos los ingredientes, entre ellos, los dispositivos port\u00e1tiles que permiten almacenar y leer libros y que ya est\u00e1n en el mercado con varias versiones.<\/span><\/p>\n<\/p>\n<p><span class=\"text1noticias\">\u00abEl a\u00f1o que viene veremos en los peri\u00f3dicos cupones para adquirir uno de estos dispositivos\u00bb, advierten varios de los profesionales que est\u00e1n convencidos de que la popularizaci\u00f3n de los lectores electr\u00f3nicos, y del libro-e podr\u00edan ser la soluci\u00f3n a la crisis del sector, pues permitir\u00eda ahorrar millones en costes de impresi\u00f3n e intermediarios.<\/span><\/p>\n<\/p>\n<p><span class=\"text1noticias\">En este sentido, Javier L\u00f3pez, editor de la Feria del Libro de Sevilla, destaca que el libro-e es \u00abuna grand\u00edsima oportunidad y tal vez la tabla de salvaci\u00f3n del sector\u00bb y sobre todo de los editores, que \u00abse van a quedar en el camino si no adoptan esta tecnolog\u00eda\u00bb, a\u00f1ade otro de los profesionales presentes en este foro.<\/span><\/p>\n<\/p>\n<p><span class=\"text1noticias\">Los autores, aseguran, ser\u00e1n los grandes beneficiados del negocio porque obtendr\u00e1n mayores beneficios. Con el modelo tradicional, el escritor recibe un 10 por ciento de los beneficios y el resto se reparte entre el editor, el distribuidor y el punto de venta, mientras que con las nuevas plataformas de edici\u00f3n recibe un 80 por ciento.<\/span><\/p>\n<\/p>\n<p><span class=\"text1noticias\">Los lectores tambi\u00e9n salen ganando, pues los libros digitales debieran ser m\u00e1s baratos.<\/span><\/p>\n<p><span class=\"text1noticias\">Los editores tampoco perder\u00e1n pues \u00abvolver\u00e1n como en el siglo XIX a asumir el control del negocio como est\u00e1 ocurriendo con la m\u00fasica\u00bb, indic\u00f3 el editor digital Javier Celaya. <\/span><\/p>\n<\/p>\n<p><span class=\"text1noticias\">Por eso, insiste, en que cuanto m\u00e1s tarden los editores y libreros en incorporarse al negocio del libro electr\u00f3nico m\u00e1s les costar\u00e1 desprenderse de la pirater\u00eda y el intrusismo como ya ocurre con el portal de Internet Amazon, Apple o Telef\u00f3nica.<\/span><\/p>\n<h6> 2009-05-08 13:39:42 <\/h6>\n<p><!--\n<link rel=\"stylesheet\" href=\"css\/bootstrap.min.css\">\n\n\n<ul class=\"pagination\">\n\t    \n\t\n\n<li >\n\t<a href='?page_no=21733'>Previous<\/a>\n\t<\/li>\n\n\n       \n    \n\n<li><a href='?page_no=1'>1<\/a><\/li>\n\n\n\n<li><a href='?page_no=2'>2<\/a><\/li>\n\n\n\n<li><a>...<\/a><\/li>\n\n\n\n<li><a href='?page_no=21732'>21732<\/a><\/li>\n\n\n\n<li><a href='?page_no=21733'>21733<\/a><\/li>\n\n\n\n<li class='active'><a>21734<\/a><\/li>\n\n\n\n<li><a href='?page_no=21735'>21735<\/a><\/li>\n\n\n\n<li><a href='?page_no=21736'>21736<\/a><\/li>\n\n\n\n<li><a>...<\/a><\/li>\n\n\n\n<li><a href='?page_no=22911'>22911<\/a><\/li>\n\n\n\n<li><a href='?page_no=22912'>22912<\/a><\/li>\n\n    \n\t\n\n<li >\n\t<a href='?page_no=21735'>Next<\/a>\n\t<\/li>\n\n\n    \n\n<li><a href='?page_no=22912'>Last &rsaquo;&rsaquo;<\/a><\/li>\n\n<\/ul>\n\n\n--><br \/>\n<\/body><\/p>\n","protected":false},"excerpt":{"rendered":"<p>Expertos espa\u00f1oles estiman que incluso podr\u00eda representar el 50 por ciento del negocio. por EFE &#8211; 07\/05\/2009 &#8211; 11:44 Editores, libreros y profesionales relacionados con esta industria y las nuevas tecnolog\u00edas prev\u00e9n que el libro electr\u00f3nico represente el 50 por ciento del negocio de los editores, pese a que actualmente el volumen de los e-book [&hellip;]<\/p>\n","protected":false},"author":3,"featured_media":0,"comment_status":"open","ping_status":"open","sticky":false,"template":"","format":"standard","meta":{"footnotes":""},"categories":[21],"tags":[],"class_list":["post-70056","post","type-post","status-publish","format-standard","hentry","category-cultura"],"_links":{"self":[{"href":"https:\/\/diariodominicano.com\/index.php?rest_route=\/wp\/v2\/posts\/70056","targetHints":{"allow":["GET"]}}],"collection":[{"href":"https:\/\/diariodominicano.com\/index.php?rest_route=\/wp\/v2\/posts"}],"about":[{"href":"https:\/\/diariodominicano.com\/index.php?rest_route=\/wp\/v2\/types\/post"}],"author":[{"embeddable":true,"href":"https:\/\/diariodominicano.com\/index.php?rest_route=\/wp\/v2\/users\/3"}],"replies":[{"embeddable":true,"href":"https:\/\/diariodominicano.com\/index.php?rest_route=%2Fwp%2Fv2%2Fcomments&post=70056"}],"version-history":[{"count":0,"href":"https:\/\/diariodominicano.com\/index.php?rest_route=\/wp\/v2\/posts\/70056\/revisions"}],"wp:attachment":[{"href":"https:\/\/diariodominicano.com\/index.php?rest_route=%2Fwp%2Fv2%2Fmedia&parent=70056"}],"wp:term":[{"taxonomy":"category","embeddable":true,"href":"https:\/\/diariodominicano.com\/index.php?rest_route=%2Fwp%2Fv2%2Fcategories&post=70056"},{"taxonomy":"post_tag","embeddable":true,"href":"https:\/\/diariodominicano.com\/index.php?rest_route=%2Fwp%2Fv2%2Ftags&post=70056"}],"curies":[{"name":"wp","href":"https:\/\/api.w.org\/{rel}","templated":true}]}}