{"id":70055,"date":"2009-05-08T13:41:22","date_gmt":"2009-05-08T13:41:22","guid":{"rendered":"http:\/\/diariodominicano.ddns.net\/?p=70055"},"modified":"2009-05-08T13:41:22","modified_gmt":"2009-05-08T13:41:22","slug":"presidente-y-primera-dama-inauguran-remodelacion-de-la-biblioteca-republica-dominicana","status":"publish","type":"post","link":"https:\/\/diariodominicano.com\/?p=70055","title":{"rendered":"Presidente y Primera Dama inauguran remodelaci\u00f3n de la Biblioteca Rep\u00fablica Dominicana"},"content":{"rendered":"<p><body><\/p>\n<p><img decoding=\"async\" src=\"http:\/\/localhost:8080\/img3\/teca.jpg\" \/>  <\/p>\n<p><span class=\"text1noticias\">El presidente Leonel Fern\u00e1ndez y la primera dama, Margarita Cede\u00f1o, inauguraron este jueves la remodelada Biblioteca Infantil y Juvenil Rep\u00fablica Dominicana, la cual se convertir\u00e1 en modelo para el desarrollo de proyectos de promoci\u00f3n de lectura para ese segmento de la poblaci\u00f3n, a un costo de 69 millones, 572 mil 185 pesos.<\/span><\/p>\n<\/p>\n<p><span class=\"text1noticias\">El mandatario y la su esposa develaron la tarja y cortaron la cinta simb\u00f3lica para dejar en funcionamiento las instalaciones de la Biblioteca Rep\u00fablica Dominicana, reconstruida por el Despacho de la Primera Dama<\/span><\/p>\n<\/p>\n<p><span class=\"text1noticias\">La doctora Cede\u00f1o de Fern\u00e1ndez dijo que la biblioteca surgi\u00f3 por la necesidad de crear un espacio propicio que permita a los que la dirijan integrar la lectura como principal elemento de aprendizaje, conjuntamente con las tecnolog\u00edas modernas para generar en los ni\u00f1os y j\u00f3venes un pensamiento cr\u00edtico.<\/span><\/p>\n<\/p>\n<p><span class=\"text1noticias\">Adelant\u00f3 que en los gobiernos del presidente Fern\u00e1ndez la lectura ha dejado de ser un lujo reservado para las minor\u00edas, y todas sus iniciativas a la promoci\u00f3n del libro y la lectura tienden a lograr el objetivo de este derecho.<\/span><\/p>\n<\/p>\n<p><span class=\"text1noticias\">?La  Biblioteca Infantil y Juvenil Rep\u00fablica Dominicana es un nuevo esfuerzo hacia el fomento del libro y la lectura en la naci\u00f3n y se convierte en un escenario innovador que fortalece la riqueza sociocultural que tenemos como sociedad?, apunt\u00f3.<\/span><\/p>\n<\/p>\n<p><span class=\"text1noticias\">La infraestructura y administraci\u00f3n de la biblioteca estar\u00e1n bajo el manejo y responsabilidad del Despacho de la Primera Dama, en virtud de un acuerdo entre esta instituci\u00f3n y la Secretar\u00eda de Estado de Cultura. <\/span><\/p>\n<\/p>\n<p><span class=\"text1noticias\">La remodelaci\u00f3n de la biblioteca incluye Internet, aires acondicionados, planta el\u00e9ctrica, equipos mobiliarios, y la instructiva verja perimetral. La moderna estructura cuenta con dos salas de lectura, sala infantil, \u00e1rea de copiado, sal\u00f3n de conferencias, salas de reuniones, espacio para exposiciones y cafeter\u00eda. <\/span><\/p>\n<\/p>\n<p><span class=\"text1noticias\">Adem\u00e1s, las salas Mi Espacio para ni\u00f1os de 13 a 18 a\u00f1os, el Sal\u00f3n Infantil para las edades de siete a 12, una Ludoteca para los peque\u00f1os de uno a seis a\u00f1os, entre otros.<\/span><\/p>\n<\/p>\n<p><span class=\"text1noticias\">De su lado, el secretario de Cultura, Jos\u00e9 Rafael Lantigua, precis\u00f3 que la Biblioteca Rep\u00fablica Dominicana exig\u00eda una reforma m\u00e1s abarcadora, que comprometiese el destino de esta instituci\u00f3n hacia fines de mayor consonancia con la realidad cultural actual, con la globalizaci\u00f3n y el conocimiento.<\/span><\/p>\n<\/p>\n<p><span class=\"text1noticias\">Explic\u00f3 que un aliado para lograr ese prop\u00f3sito fue el Despacho de la Primera Dama y que esa alianza estrat\u00e9gica entre ambas entidades se hizo necesaria, ya que superaba las expectativas creadas a reformular dicho centro.<\/span><\/p>\n<\/p>\n<p><span class=\"text1noticias\">?Se trata de la primera biblioteca y centro cultural de ese tipo en toda la Rep\u00fablica, que permitir\u00e1 a trav\u00e9s de las distintas salas que las conforman ofertar al p\u00fablico infantil y juvenil, y a los padres y tutores, un espacio de calidad?, manifest\u00f3.<\/span><\/p>\n<\/p>\n<p><span class=\"text1noticias\">Durante el acto, fue presentado el video ?Mi Biblioteca\u00bb, que trata sobre la conformaci\u00f3n de las instalaciones, y el espect\u00e1culo art\u00edstico Cats a cargo de Amauri S\u00e1nchez.<\/span><\/p>\n<\/p>\n<p><span class=\"text1noticias\">Estuvieron presentes los secretarios de la Presidencia, C\u00e9sar Pina Toribio, administrativo, Luis Manuel Bonetti, de Educaci\u00f3n, Melanio Paredes, de la Juventud, Franklin Rodr\u00edguez, los estudiantes Brenda S\u00e1nchez Morel y Adonis Garc\u00eda Santana, as\u00ed como el reverendo Jes\u00fas Hern\u00e1ndez, p\u00e1rroco de la iglesia Don Bosco.<\/span><\/p>\n<h6> 2009-05-08 13:41:22 <\/h6>\n<p><!--\n<link rel=\"stylesheet\" href=\"css\/bootstrap.min.css\">\n\n\n<ul class=\"pagination\">\n\t    \n\t\n\n<li >\n\t<a href='?page_no=21732'>Previous<\/a>\n\t<\/li>\n\n\n       \n    \n\n<li><a href='?page_no=1'>1<\/a><\/li>\n\n\n\n<li><a href='?page_no=2'>2<\/a><\/li>\n\n\n\n<li><a>...<\/a><\/li>\n\n\n\n<li><a href='?page_no=21731'>21731<\/a><\/li>\n\n\n\n<li><a href='?page_no=21732'>21732<\/a><\/li>\n\n\n\n<li class='active'><a>21733<\/a><\/li>\n\n\n\n<li><a href='?page_no=21734'>21734<\/a><\/li>\n\n\n\n<li><a href='?page_no=21735'>21735<\/a><\/li>\n\n\n\n<li><a>...<\/a><\/li>\n\n\n\n<li><a href='?page_no=22911'>22911<\/a><\/li>\n\n\n\n<li><a href='?page_no=22912'>22912<\/a><\/li>\n\n    \n\t\n\n<li >\n\t<a href='?page_no=21734'>Next<\/a>\n\t<\/li>\n\n\n    \n\n<li><a href='?page_no=22912'>Last &rsaquo;&rsaquo;<\/a><\/li>\n\n<\/ul>\n\n\n--><br \/>\n<\/body><\/p>\n","protected":false},"excerpt":{"rendered":"<p>El presidente Leonel Fern\u00e1ndez y la primera dama, Margarita Cede\u00f1o, inauguraron este jueves la remodelada Biblioteca Infantil y Juvenil Rep\u00fablica Dominicana, la cual se convertir\u00e1 en modelo para el desarrollo de proyectos de promoci\u00f3n de lectura para ese segmento de la poblaci\u00f3n, a un costo de 69 millones, 572 mil 185 pesos. El mandatario y [&hellip;]<\/p>\n","protected":false},"author":3,"featured_media":0,"comment_status":"open","ping_status":"open","sticky":false,"template":"","format":"standard","meta":{"footnotes":""},"categories":[21],"tags":[],"class_list":["post-70055","post","type-post","status-publish","format-standard","hentry","category-cultura"],"_links":{"self":[{"href":"https:\/\/diariodominicano.com\/index.php?rest_route=\/wp\/v2\/posts\/70055","targetHints":{"allow":["GET"]}}],"collection":[{"href":"https:\/\/diariodominicano.com\/index.php?rest_route=\/wp\/v2\/posts"}],"about":[{"href":"https:\/\/diariodominicano.com\/index.php?rest_route=\/wp\/v2\/types\/post"}],"author":[{"embeddable":true,"href":"https:\/\/diariodominicano.com\/index.php?rest_route=\/wp\/v2\/users\/3"}],"replies":[{"embeddable":true,"href":"https:\/\/diariodominicano.com\/index.php?rest_route=%2Fwp%2Fv2%2Fcomments&post=70055"}],"version-history":[{"count":0,"href":"https:\/\/diariodominicano.com\/index.php?rest_route=\/wp\/v2\/posts\/70055\/revisions"}],"wp:attachment":[{"href":"https:\/\/diariodominicano.com\/index.php?rest_route=%2Fwp%2Fv2%2Fmedia&parent=70055"}],"wp:term":[{"taxonomy":"category","embeddable":true,"href":"https:\/\/diariodominicano.com\/index.php?rest_route=%2Fwp%2Fv2%2Fcategories&post=70055"},{"taxonomy":"post_tag","embeddable":true,"href":"https:\/\/diariodominicano.com\/index.php?rest_route=%2Fwp%2Fv2%2Ftags&post=70055"}],"curies":[{"name":"wp","href":"https:\/\/api.w.org\/{rel}","templated":true}]}}