{"id":70053,"date":"2009-05-08T16:15:02","date_gmt":"2009-05-08T16:15:02","guid":{"rendered":"http:\/\/diariodominicano.ddns.net\/?p=70053"},"modified":"2009-05-08T16:15:02","modified_gmt":"2009-05-08T16:15:02","slug":"galeano-sube-sus-ventas-por-regalo-de-chavez-a-obama","status":"publish","type":"post","link":"https:\/\/diariodominicano.com\/?p=70053","title":{"rendered":"Galeano sube sus ventas por regalo de Ch\u00e1vez a Obama"},"content":{"rendered":"<p><body><\/p>\n<p><img decoding=\"async\" src=\"http:\/\/localhost:8080\/img3\/galea.jpg\" \/>  <\/p>\n<p><span class=\"text1noticias\">A cerca de 40 a\u00f1os de la publicaci\u00f3n del texto Las venas abiertas de Am\u00e9rica Latina se ubic\u00f3 como la obras m\u00e1s buscada en Espa\u00f1a <\/span><\/p>\n<\/p>\n<p><span class=\"text1noticias\">EFE <\/span><\/p>\n<p><span class=\"text1noticias\">EL UNIVERSAL <\/span><\/p>\n<\/p>\n<p><span class=\"text1noticias\">REDACCI\u00d3N INTERNACIONAL VIERNES 08 DE MAYO DE 2009 <\/span><\/p>\n<p><span class=\"text1noticias\">09:20 Casi cuarenta a\u00f1os despu\u00e9s de su publicaci\u00f3n, \u00abLas venas abiertas de Am\u00e9rica Latina\u00bb se convierte en un superventas, al menos en Espa\u00f1a, gracias a la publicidad conseguida al ser regalado por Hugo Ch\u00e1vez a Barack Obama en la pasada Cumbre de las Am\u00e9ricas. <\/span><\/p>\n<\/p>\n<p><span class=\"text1noticias\">Por su parte, la versi\u00f3n en portugu\u00e9s de \u00abLa Reina, de cerca\u00bb, de Pilar Urbano, figura esta semana en el segundo lugar de la lista de ventas de Portugal, mientras que las memorias de la ex reh\u00e9n Clara Rojas triunfan en Colombia y Francia. <\/span><\/p>\n<\/p>\n<p><span class=\"text1noticias\">Esta es la lista de libros m\u00e1s vendidas la \u00faltima semana en Espa\u00f1a: <\/span><\/p>\n<p><span class=\"text1noticias\">No ficci\u00f3n: <\/span><\/p>\n<\/p>\n<p><span class=\"text1noticias\">&#8211; \u00abLas venas abiertas de Am\u00e9rica Latina\u00bb &#8211; Eduardo Galeano (Siglo XXI). <\/span><\/p>\n<p><span class=\"text1noticias\">&#8211; \u00abAnatom\u00eda de un instante\u00bb &#8211; Javier Cercas (Mondadori). <\/span><\/p>\n<p><span class=\"text1noticias\">&#8211; \u00abEl secreto\u00bb &#8211; Rhonda Byrne (Urano). <\/span><\/p>\n<p><span class=\"text1noticias\">&#8211; \u00abLa crisis ninja y otros misterior de la econom\u00eda actual\u00bb &#8211; Leopoldo Abad\u00eda (Espasa). <\/span><\/p>\n<\/p>\n<p><span class=\"text1noticias\">Ficci\u00f3n: <\/span><\/p>\n<p><span class=\"text1noticias\">&#8211; \u00abLos hombres que no amaban a las mujeres\u00bb &#8211; Stieg Larsson (Destino). <\/span><\/p>\n<p><span class=\"text1noticias\">&#8211; \u00abLa chica que so\u00f1aba con una cerilla y un bid\u00f3n de gasolina\u00bb &#8211; Stieg Larsson (Destino). <\/span><\/p>\n<p><span class=\"text1noticias\">&#8211; \u00abLa soledad de los n\u00fameros primos\u00bb &#8211; Paolo Giordano (Salamandra). <\/span><\/p>\n<p><span class=\"text1noticias\">&#8211; \u00abThe Host (La hu\u00e9sped)\u00bb &#8211; Stephenie Meyer (Suma). <\/span><\/p>\n<p><span class=\"text1noticias\">Fuente: Casa del Libro, El Corte Ingl\u00e9s, FNAC. <\/span><\/p>\n<p><span class=\"text1noticias\">mzr<\/span><\/p>\n<h6> 2009-05-08 16:15:02 <\/h6>\n<p><!--\n<link rel=\"stylesheet\" href=\"css\/bootstrap.min.css\">\n\n\n<ul class=\"pagination\">\n\t    \n\t\n\n<li >\n\t<a href='?page_no=21730'>Previous<\/a>\n\t<\/li>\n\n\n       \n    \n\n<li><a href='?page_no=1'>1<\/a><\/li>\n\n\n\n<li><a href='?page_no=2'>2<\/a><\/li>\n\n\n\n<li><a>...<\/a><\/li>\n\n\n\n<li><a href='?page_no=21729'>21729<\/a><\/li>\n\n\n\n<li><a href='?page_no=21730'>21730<\/a><\/li>\n\n\n\n<li class='active'><a>21731<\/a><\/li>\n\n\n\n<li><a href='?page_no=21732'>21732<\/a><\/li>\n\n\n\n<li><a href='?page_no=21733'>21733<\/a><\/li>\n\n\n\n<li><a>...<\/a><\/li>\n\n\n\n<li><a href='?page_no=22911'>22911<\/a><\/li>\n\n\n\n<li><a href='?page_no=22912'>22912<\/a><\/li>\n\n    \n\t\n\n<li >\n\t<a href='?page_no=21732'>Next<\/a>\n\t<\/li>\n\n\n    \n\n<li><a href='?page_no=22912'>Last &rsaquo;&rsaquo;<\/a><\/li>\n\n<\/ul>\n\n\n--><br \/>\n<\/body><\/p>\n","protected":false},"excerpt":{"rendered":"<p>A cerca de 40 a\u00f1os de la publicaci\u00f3n del texto Las venas abiertas de Am\u00e9rica Latina se ubic\u00f3 como la obras m\u00e1s buscada en Espa\u00f1a EFE EL UNIVERSAL REDACCI\u00d3N INTERNACIONAL VIERNES 08 DE MAYO DE 2009 09:20 Casi cuarenta a\u00f1os despu\u00e9s de su publicaci\u00f3n, \u00abLas venas abiertas de Am\u00e9rica Latina\u00bb se convierte en un superventas, [&hellip;]<\/p>\n","protected":false},"author":3,"featured_media":0,"comment_status":"open","ping_status":"open","sticky":false,"template":"","format":"standard","meta":{"footnotes":""},"categories":[21],"tags":[],"class_list":["post-70053","post","type-post","status-publish","format-standard","hentry","category-cultura"],"_links":{"self":[{"href":"https:\/\/diariodominicano.com\/index.php?rest_route=\/wp\/v2\/posts\/70053","targetHints":{"allow":["GET"]}}],"collection":[{"href":"https:\/\/diariodominicano.com\/index.php?rest_route=\/wp\/v2\/posts"}],"about":[{"href":"https:\/\/diariodominicano.com\/index.php?rest_route=\/wp\/v2\/types\/post"}],"author":[{"embeddable":true,"href":"https:\/\/diariodominicano.com\/index.php?rest_route=\/wp\/v2\/users\/3"}],"replies":[{"embeddable":true,"href":"https:\/\/diariodominicano.com\/index.php?rest_route=%2Fwp%2Fv2%2Fcomments&post=70053"}],"version-history":[{"count":0,"href":"https:\/\/diariodominicano.com\/index.php?rest_route=\/wp\/v2\/posts\/70053\/revisions"}],"wp:attachment":[{"href":"https:\/\/diariodominicano.com\/index.php?rest_route=%2Fwp%2Fv2%2Fmedia&parent=70053"}],"wp:term":[{"taxonomy":"category","embeddable":true,"href":"https:\/\/diariodominicano.com\/index.php?rest_route=%2Fwp%2Fv2%2Fcategories&post=70053"},{"taxonomy":"post_tag","embeddable":true,"href":"https:\/\/diariodominicano.com\/index.php?rest_route=%2Fwp%2Fv2%2Ftags&post=70053"}],"curies":[{"name":"wp","href":"https:\/\/api.w.org\/{rel}","templated":true}]}}