{"id":70052,"date":"2009-05-08T16:55:29","date_gmt":"2009-05-08T16:55:29","guid":{"rendered":"http:\/\/diariodominicano.ddns.net\/?p=70052"},"modified":"2009-05-08T16:55:29","modified_gmt":"2009-05-08T16:55:29","slug":"euclides-gutierrez-felix-diserta-esta-noche-sobre-la-vida-y-obra-del-profesor-juan-bosch","status":"publish","type":"post","link":"https:\/\/diariodominicano.com\/?p=70052","title":{"rendered":"Euclides Guti\u00e9rrez F\u00e9lix diserta esta noche sobre la vida y obra del Profesor Juan Bosch."},"content":{"rendered":"<p><body><\/p>\n<p><span class=\"text1noticias\">Euclides Guti\u00e9rrez Feliz, Miembro fundador del Partido de la Liberaci\u00f3n Dominicana (PLD),  disertar\u00e1 esta noche sobre la vida y obra del Profesor Juan Bosch en una Conferencia que organiza el Comit\u00e9 Intermedio Piki Lora A -1 de la barriada de Villa Consuelo.<\/span><\/p>\n<p><span class=\"text1noticias\"> <\/span><\/p>\n<p><span class=\"text1noticias\">Guti\u00e9rrez F\u00e9lix tiene como tema de la Conferencia ?Juan Bosch, Siempre? para referirse a la permanencia de los conceptos e ideas del Profesor Juan Bosch en sus escritos pol\u00edticos, sociol\u00f3gicos, hist\u00f3ricos y literario.<\/span><\/p>\n<p><span class=\"text1noticias\"> <\/span><\/p>\n<p><span class=\"text1noticias\">La actividad se enmarca en los actos e celebraci\u00f3n del a\u00f1o del centenario del nacimiento del Profesor Juan Bosch, que ha llevado a los diferentes organismos del PLD a organizar  actividades de recordaci\u00f3n de su l\u00edder hist\u00f3rico.<\/span><\/p>\n<p><span class=\"text1noticias\"> <\/span><\/p>\n<p><span class=\"text1noticias\">La Conferencia tendr\u00e1 de escenario el Sal\u00f3n de Eventos de la Corporaci\u00f3n Estatal de Radio y Televisi\u00f3n (CERTV), ubicada en la misma barriada donde funciona el Comit\u00e9 Intermedio, a las siete de la noche.<\/span><\/p>\n<p><span class=\"text1noticias\"> <\/span><\/p>\n<p><span class=\"text1noticias\">Guti\u00e9rrez F\u00e9lix es en la actualidad miembro del Comit\u00e9 Pol\u00edtico del Partido de la Liberaci\u00f3n Dominicana, Secretario Estado, Superteniente de Seguros  y bi\u00f3grafo del Profesor Juan Bosch. <\/span><\/p>\n<h6> 2009-05-08 16:55:29 <\/h6>\n<p><!--\n<link rel=\"stylesheet\" href=\"css\/bootstrap.min.css\">\n\n\n<ul class=\"pagination\">\n\t    \n\t\n\n<li >\n\t<a href='?page_no=21729'>Previous<\/a>\n\t<\/li>\n\n\n       \n    \n\n<li><a href='?page_no=1'>1<\/a><\/li>\n\n\n\n<li><a href='?page_no=2'>2<\/a><\/li>\n\n\n\n<li><a>...<\/a><\/li>\n\n\n\n<li><a href='?page_no=21728'>21728<\/a><\/li>\n\n\n\n<li><a href='?page_no=21729'>21729<\/a><\/li>\n\n\n\n<li class='active'><a>21730<\/a><\/li>\n\n\n\n<li><a href='?page_no=21731'>21731<\/a><\/li>\n\n\n\n<li><a href='?page_no=21732'>21732<\/a><\/li>\n\n\n\n<li><a>...<\/a><\/li>\n\n\n\n<li><a href='?page_no=22911'>22911<\/a><\/li>\n\n\n\n<li><a href='?page_no=22912'>22912<\/a><\/li>\n\n    \n\t\n\n<li >\n\t<a href='?page_no=21731'>Next<\/a>\n\t<\/li>\n\n\n    \n\n<li><a href='?page_no=22912'>Last &rsaquo;&rsaquo;<\/a><\/li>\n\n<\/ul>\n\n\n--><br \/>\n<\/body><\/p>\n","protected":false},"excerpt":{"rendered":"<p>Euclides Guti\u00e9rrez Feliz, Miembro fundador del Partido de la Liberaci\u00f3n Dominicana (PLD), disertar\u00e1 esta noche sobre la vida y obra del Profesor Juan Bosch en una Conferencia que organiza el Comit\u00e9 Intermedio Piki Lora A -1 de la barriada de Villa Consuelo. Guti\u00e9rrez F\u00e9lix tiene como tema de la Conferencia ?Juan Bosch, Siempre? para referirse [&hellip;]<\/p>\n","protected":false},"author":3,"featured_media":0,"comment_status":"open","ping_status":"open","sticky":false,"template":"","format":"standard","meta":{"footnotes":""},"categories":[21],"tags":[],"class_list":["post-70052","post","type-post","status-publish","format-standard","hentry","category-cultura"],"_links":{"self":[{"href":"https:\/\/diariodominicano.com\/index.php?rest_route=\/wp\/v2\/posts\/70052","targetHints":{"allow":["GET"]}}],"collection":[{"href":"https:\/\/diariodominicano.com\/index.php?rest_route=\/wp\/v2\/posts"}],"about":[{"href":"https:\/\/diariodominicano.com\/index.php?rest_route=\/wp\/v2\/types\/post"}],"author":[{"embeddable":true,"href":"https:\/\/diariodominicano.com\/index.php?rest_route=\/wp\/v2\/users\/3"}],"replies":[{"embeddable":true,"href":"https:\/\/diariodominicano.com\/index.php?rest_route=%2Fwp%2Fv2%2Fcomments&post=70052"}],"version-history":[{"count":0,"href":"https:\/\/diariodominicano.com\/index.php?rest_route=\/wp\/v2\/posts\/70052\/revisions"}],"wp:attachment":[{"href":"https:\/\/diariodominicano.com\/index.php?rest_route=%2Fwp%2Fv2%2Fmedia&parent=70052"}],"wp:term":[{"taxonomy":"category","embeddable":true,"href":"https:\/\/diariodominicano.com\/index.php?rest_route=%2Fwp%2Fv2%2Fcategories&post=70052"},{"taxonomy":"post_tag","embeddable":true,"href":"https:\/\/diariodominicano.com\/index.php?rest_route=%2Fwp%2Fv2%2Ftags&post=70052"}],"curies":[{"name":"wp","href":"https:\/\/api.w.org\/{rel}","templated":true}]}}