{"id":70051,"date":"2009-05-08T20:42:18","date_gmt":"2009-05-08T20:42:18","guid":{"rendered":"http:\/\/diariodominicano.ddns.net\/?p=70051"},"modified":"2009-05-08T20:42:18","modified_gmt":"2009-05-08T20:42:18","slug":"opt-de-puerto-rico-inicia-expo-republica-dominicana-en-plaza-del-caribe-en-ponce","status":"publish","type":"post","link":"https:\/\/diariodominicano.com\/?p=70051","title":{"rendered":"OPT DE PUERTO RICO INICIA EXPO REP\u00daBLICA DOMINICANA EN PLAZA DEL CARIBE, EN PONCE"},"content":{"rendered":"<p><body><\/p>\n<p><img decoding=\"async\" src=\"img3\/baile.jpg\" \/>  <\/p>\n<p><span class=\"text1noticias\">El centro comercial m\u00e1s importante de la regi\u00f3n sur de Puerto Rico se convierte <\/span><\/p>\n<p><span class=\"text1noticias\">en sede exposici\u00f3n tur\u00edstica sobre la ciudad de Santo Domingo<\/span><\/p>\n<\/p>\n<p><span class=\"text1noticias\">San Juan, Puerto Rico  (30 de abril de 2009) &#8212; La Oficina de Promoci\u00f3n Tur\u00edstica de la Rep\u00fablica Dominicana en Puerto Rico (OPT) y el centro comercial Plaza del Caribe iniciaron esta semana la Expo Rep\u00fablica Dominicana 2009, en el centro de compras m\u00e1s grande de la regi\u00f3n sur de Puerto Rico.<\/span><\/p>\n<\/p>\n<p><span class=\"text1noticias\">Todos los a\u00f1os, durante las dos semanas previas al D\u00eda de las Madres, una de las temporadas de mayor incidencia en ventas, Plaza del Caribe realiza una exposici\u00f3n tem\u00e1tica para el deleite de sus visitantes. ?Hace tres a\u00f1os tuvimos a Rep\u00fablica Dominicana como pa\u00eds invitado a trav\u00e9s de la Oficina de Promoci\u00f3n Tur\u00edstica en Puerto Rico y el \u00e9xito fue tal que decidimos invitarlos nuevamente. En esta ocasi\u00f3n las exhibiciones se concentran en los atractivos tur\u00edsticos y culturales que ofrece la cosmopolita ciudad de Santo Domingo?, afirm\u00f3 Susana Santiago, Gerente de Mercadeo de Plaza del Caribe.<\/span><\/p>\n<\/p>\n<p><span class=\"text1noticias\">?Para la Secretar\u00eda de Turismo de la Rep\u00fablica Dominicana es un honor el que se nos haya extendido una invitaci\u00f3n a compartir con los ponce\u00f1os y con todos los puertorrique\u00f1os de la regi\u00f3n sur los tesoros que guarda la capital dominicana. A trav\u00e9s de esta exposici\u00f3n queremos despertar el inter\u00e9s por conocer en persona la riqueza hist\u00f3rica de nuestros monumentos, nuestra m\u00fasica, las variantes del arte dominicano, as\u00ed como las muchas alternativas hoteleras que ofrece la Ciudad Primada de Am\u00e9rica?, indic\u00f3 Cosette Garc\u00eda, directora de la OPT.<\/span><\/p>\n<\/p>\n<p><span class=\"text1noticias\">La Expo Rep\u00fablica Dominicana 09 en Plaza del Caribe en Ponce se lleva a cabo desde el 28 de abril y se extender\u00e1 hasta el s\u00e1bado, 9 de mayo. Adem\u00e1s de las r\u00e9plicas de importantes estructuras hist\u00f3ricas del capital dominicana, los visitantes podr\u00e1n disfrutar de una variada muestra artesanal y seminarios de arte folcl\u00f3rico dominicano, variadas presentaciones musicales, seminarios artesanales, concursos, presentaciones tur\u00edsticas, degustaciones gastron\u00f3micas, incluyendo una estaci\u00f3n del t\u00edpico caf\u00e9 dominicano todas las tardes, y muchas sorpresas.<\/span><\/p>\n<\/p>\n<p><span class=\"text1noticias\">Los actos de inauguraci\u00f3n de la Feria, celebrados el jueves, 30 de abril, contaron con una nutrida asistencia de p\u00fablico en general, adem\u00e1s de importantes autoridades del gobierno local y del cuerpo consular dominicano en Puerto Rico, incluyendo al Sr. Jos\u00e9 Fondeur, C\u00f3nsul General de la Rep\u00fablica Dominicana en San Juan; el Dr. \u00c1ngel Michel, C\u00f3nsul Honor\u00edfico en Ponce; y el Sr. Frank Nicodemes P\u00e9rez Duverg\u00e9, en representaci\u00f3n del Consul Dominicano de Mayaguez, Sr. Maximo Taveraz. Entre los presentes tambi\u00e9n se incluy\u00f3 a la Sra. Patricia \u00c1lvarez, Directora Ejecutiva de la Asociaci\u00f3n de Hoteles de Santo Domingo, y ejecutivos de varias cadenas hoteleras de Santo Domingo.<\/span><\/p>\n<\/p>\n<p><span class=\"text1noticias\">El evento de apertura cont\u00f3 con la presentaci\u00f3n art\u00edstica de la agrupaci\u00f3n dominicana musical Stereophonics , que para el deleite del p\u00fablico realiz\u00f3 una novedosa interpretaci\u00f3n de ritmos aut\u00f3ctonos dominicanos fusionados con ritmos modernos y ejecutando algunos instrumentos musicales de reciente creaci\u00f3n. El conjunto Stereophonics se compone del polifac\u00e9tico M\u00fasico y Artesano Fell\u00e9 Vega, el Artesano y Percusionista Edgar Molina y Cantante, M\u00fasico y Productor Alfio Lora, bajo la producci\u00f3n del Maestro Antonio Gonz\u00e1lez. Gonz\u00e1lez, quien en el pasado se ha presentado con \u00e9xito en Puerto Rico, es el creador de este concepto musical en el que se integran im\u00e1genes en v\u00eddeo de la Rep\u00fablica Dominicana y elementos de utiler\u00eda que la vez son utilizados como instrumentos musicales. Stereophincs y el Maestro Gonz\u00e1lez realizan varias presentaciones todos los d\u00edas en las que captan la atenci\u00f3n de todos los visitantes del centro comercial.<\/span><\/p>\n<\/p>\n<p><span class=\"text1noticias\">El touroperador de excursiones Good Quality Tours tambi\u00e9n es parte de la oferta de la exposici\u00f3n. Este especialista en viajes a la Rep\u00fablica Dominicana oriundo de Ponce en conjunto con su Agente de Viajes m\u00e1s importante ?Travel Plus?, estar\u00e1 ofreciendo seminarios para los agentes de viajes de la regi\u00f3n sur, as\u00ed como distribuyendo informaci\u00f3n sobre diferentes paquetes tur\u00edsticos  a Santo Domingo y orientando al p\u00fablico sobre las diferentes alternativas de entretenimiento y excursiones disponibles en esa ciudad.<\/span><\/p>\n<\/p>\n<p><span class=\"text1noticias\">Entre las actividades programadas m\u00e1s destacadas se encuentran la realizaci\u00f3n de un desfile de modas, ?Dominican Fashion Show 09? el pr\u00f3ximo jueves, 7 de mayo, a las 6:00 pm. <\/span><\/p>\n<\/p>\n<p><span class=\"text1noticias\">El desfile de modas incluir\u00e1 la presentaci\u00f3n de varios de las creaciones de Luis Dom\u00ednguez, as\u00ed como de un grupo de dise\u00f1adores n\u00f3veles dominicanos  entre los cuales se encuentran Jos\u00e9 S\u00e1nchez, Larissa Salcedo y Reading Pantale\u00f3n, cuyas colecciones ser\u00e1n parte del importante desfile Dominicana Moda 2009.<\/span><\/p>\n<\/p>\n<p><span class=\"text1noticias\">?Invitamos a las personas a que nos visiten con toda su familia y descubran porqu\u00e9 decimos que la Rep\u00fablica Dominicana lo tiene todo?, concluy\u00f3 la Directora de la OPT.<\/span><\/p>\n<h6> 2009-05-08 20:42:18 <\/h6>\n<p><!--\n<link rel=\"stylesheet\" href=\"css\/bootstrap.min.css\">\n\n\n<ul class=\"pagination\">\n\t    \n\t\n\n<li >\n\t<a href='?page_no=21728'>Previous<\/a>\n\t<\/li>\n\n\n       \n    \n\n<li><a href='?page_no=1'>1<\/a><\/li>\n\n\n\n<li><a href='?page_no=2'>2<\/a><\/li>\n\n\n\n<li><a>...<\/a><\/li>\n\n\n\n<li><a href='?page_no=21727'>21727<\/a><\/li>\n\n\n\n<li><a href='?page_no=21728'>21728<\/a><\/li>\n\n\n\n<li class='active'><a>21729<\/a><\/li>\n\n\n\n<li><a href='?page_no=21730'>21730<\/a><\/li>\n\n\n\n<li><a href='?page_no=21731'>21731<\/a><\/li>\n\n\n\n<li><a>...<\/a><\/li>\n\n\n\n<li><a href='?page_no=22911'>22911<\/a><\/li>\n\n\n\n<li><a href='?page_no=22912'>22912<\/a><\/li>\n\n    \n\t\n\n<li >\n\t<a href='?page_no=21730'>Next<\/a>\n\t<\/li>\n\n\n    \n\n<li><a href='?page_no=22912'>Last &rsaquo;&rsaquo;<\/a><\/li>\n\n<\/ul>\n\n\n--><br \/>\n<\/body><\/p>\n","protected":false},"excerpt":{"rendered":"<p>El centro comercial m\u00e1s importante de la regi\u00f3n sur de Puerto Rico se convierte en sede exposici\u00f3n tur\u00edstica sobre la ciudad de Santo Domingo San Juan, Puerto Rico (30 de abril de 2009) &#8212; La Oficina de Promoci\u00f3n Tur\u00edstica de la Rep\u00fablica Dominicana en Puerto Rico (OPT) y el centro comercial Plaza del Caribe iniciaron [&hellip;]<\/p>\n","protected":false},"author":3,"featured_media":0,"comment_status":"open","ping_status":"open","sticky":false,"template":"","format":"standard","meta":{"footnotes":""},"categories":[21],"tags":[],"class_list":["post-70051","post","type-post","status-publish","format-standard","hentry","category-cultura"],"_links":{"self":[{"href":"https:\/\/diariodominicano.com\/index.php?rest_route=\/wp\/v2\/posts\/70051","targetHints":{"allow":["GET"]}}],"collection":[{"href":"https:\/\/diariodominicano.com\/index.php?rest_route=\/wp\/v2\/posts"}],"about":[{"href":"https:\/\/diariodominicano.com\/index.php?rest_route=\/wp\/v2\/types\/post"}],"author":[{"embeddable":true,"href":"https:\/\/diariodominicano.com\/index.php?rest_route=\/wp\/v2\/users\/3"}],"replies":[{"embeddable":true,"href":"https:\/\/diariodominicano.com\/index.php?rest_route=%2Fwp%2Fv2%2Fcomments&post=70051"}],"version-history":[{"count":0,"href":"https:\/\/diariodominicano.com\/index.php?rest_route=\/wp\/v2\/posts\/70051\/revisions"}],"wp:attachment":[{"href":"https:\/\/diariodominicano.com\/index.php?rest_route=%2Fwp%2Fv2%2Fmedia&parent=70051"}],"wp:term":[{"taxonomy":"category","embeddable":true,"href":"https:\/\/diariodominicano.com\/index.php?rest_route=%2Fwp%2Fv2%2Fcategories&post=70051"},{"taxonomy":"post_tag","embeddable":true,"href":"https:\/\/diariodominicano.com\/index.php?rest_route=%2Fwp%2Fv2%2Ftags&post=70051"}],"curies":[{"name":"wp","href":"https:\/\/api.w.org\/{rel}","templated":true}]}}