{"id":70045,"date":"2009-05-11T15:31:25","date_gmt":"2009-05-11T15:31:25","guid":{"rendered":"http:\/\/diariodominicano.ddns.net\/?p=70045"},"modified":"2009-05-11T15:31:25","modified_gmt":"2009-05-11T15:31:25","slug":"vicepresidente-encabeza-ceremonia-de-inicio-de-diplomados-de-comunicacion-para-periodistas","status":"publish","type":"post","link":"https:\/\/diariodominicano.com\/?p=70045","title":{"rendered":"Vicepresidente encabeza ceremonia de inicio de diplomados de comunicaci\u00f3n para periodistas"},"content":{"rendered":"<p><body><\/p>\n<p><img decoding=\"async\" src=\"img3\/diploma.jpg\" \/>  <\/p>\n<p><span class=\"text1noticias\">8 de Mayo del 2009<\/span><\/p>\n<p><span class=\"text1noticias\">El vicepresidente de la Rep\u00fablica, doctor Rafael Alburquerque, encabez\u00f3 este viernes la inauguraci\u00f3n de tres diplomados de comunicaci\u00f3n en las \u00e1reas de Producci\u00f3n de Televisi\u00f3n, Radio y Periodismo Digital, que desarrollar\u00e1 la Direcci\u00f3n de Informaci\u00f3n, Prensa y Publicidad de la Presidencia, conjuntamente con la Universidad de Salamanca de Espa\u00f1a, dirigidos a los periodistas de los Gabinetes de Comunicaci\u00f3n Gubernamental y redactores de provincia.<\/span><\/p>\n<\/p>\n<p><span class=\"text1noticias\">Las palabras de bienvenida estuvieron a cargo del Director de Prensa de la Presidencia, Rafael N\u00fa\u00f1ez, quien destac\u00f3 que en los \u00e1mbitos p\u00fablico y privado cada vez m\u00e1s se hace necesario la preparaci\u00f3n de los recursos humanos, lo que es una preocupaci\u00f3n permanente de los l\u00edderes empresariales y funcionarios.<\/span><\/p>\n<\/p>\n<p><span class=\"text1noticias\">?En el caso de quienes tenemos la responsabilidad de la administraci\u00f3n p\u00fablica, el desaf\u00edo es mayor no s\u00f3lo porque debemos ser profesionalmente competentes, gerencialmente audaces y creativos, sino que debemos demostrar habilidades pol\u00edticas para que nuestras acciones sintonicen con las necesidades de la poblaci\u00f3n?, puntualiz\u00f3.<\/span><\/p>\n<\/p>\n<p><span class=\"text1noticias\">N\u00fa\u00f1ez indic\u00f3 que los diplomados se enmarcan en el esfuerzo del presidente Leonel Fern\u00e1ndez de crear los recursos humanos del sector p\u00fablico, en el \u00e1mbito de la comunicaci\u00f3n, capaces de cumplir el compromiso con el pa\u00eds, fundamentado en la eficiencia, creatividad, transparencia e inteligencia emocional.<\/span><\/p>\n<\/p>\n<p><span class=\"text1noticias\">De su lado, el secretario acad\u00e9mico del Instituto de Iberoam\u00e9rica y profesor del \u00e1rea de sociolog\u00eda y comunicaci\u00f3n de la Universidad de Salamanca, \u00c1ngel Badillo,  al pronunciar una charla magistral resalt\u00f3 que esta alta casa de estudio est\u00e1 dispuesta a desplazar sus aulas a cualquier lugar del mundo para que estudiantes como los que participar\u00e1n en los diplomados puedan descubrir lo que significa ser egresado de ese centro universitario.<\/span><\/p>\n<\/p>\n<p><span class=\"text1noticias\">Manifest\u00f3 que la desregulaci\u00f3n  econ\u00f3mico-pol\u00edtica ha transformado el paisaje de los medios hasta el punto de que hoy el paisaje period\u00edstico es francamente irreconocible y que en estos momentos el papel que deben jugar los medios p\u00fablicos es fundamental, pese a que la mayor parte de los pa\u00edses de Am\u00e9rica Latina han abandonado los medios p\u00fablicos.<\/span><\/p>\n<\/p>\n<p><span class=\"text1noticias\">?El  proyecto de estos diplomados ha surgido del inter\u00e9s de la Direcci\u00f3n de Prensa del Gobierno de la Rep\u00fablica Dominicana por mejorar el modo en el que los ciudadanos conocen la tarea del ejecutivo a trav\u00e9s de los gabinetes de comunicaci\u00f3n y la profesionalizaci\u00f3n de los intermediarios de esa informaci\u00f3n que conecta, como un flujo vital, a los ciudadanos con los encargados de gestionar los recursos del estado?, enfatiz\u00f3 el profesor Badillo en el acto celebrado en la sede del Instituto  para el Comercio y la Innovaci\u00f3n Empresarial. <\/span><\/p>\n<\/p>\n<p><span class=\"text1noticias\">En los cursos que ser\u00e1n realizados hasta el 15 de junio estar\u00e1n participando 110 periodistas que en su mayor\u00eda trabajan en las oficinas de prensa y relaciones p\u00fablicas de las instituciones gubernamentales.<\/span><\/p>\n<p><span class=\"text1noticias\">Las clases ser\u00e1n impartidas a partir de este fin de  semana, los s\u00e1bados y domingo, de 8:30 de la ma\u00f1ana a 1:00 de la tarde, con pr\u00e1ctica en los medios de comunicaci\u00f3n por un grupo compuesto por 18 profesores de la Universidad de Salamanca.<\/span><\/p>\n<h6> 2009-05-11 15:31:25 <\/h6>\n<p><!--\n<link rel=\"stylesheet\" href=\"css\/bootstrap.min.css\">\n\n\n<ul class=\"pagination\">\n\t    \n\t\n\n<li >\n\t<a href='?page_no=21722'>Previous<\/a>\n\t<\/li>\n\n\n       \n    \n\n<li><a href='?page_no=1'>1<\/a><\/li>\n\n\n\n<li><a href='?page_no=2'>2<\/a><\/li>\n\n\n\n<li><a>...<\/a><\/li>\n\n\n\n<li><a href='?page_no=21721'>21721<\/a><\/li>\n\n\n\n<li><a href='?page_no=21722'>21722<\/a><\/li>\n\n\n\n<li class='active'><a>21723<\/a><\/li>\n\n\n\n<li><a href='?page_no=21724'>21724<\/a><\/li>\n\n\n\n<li><a href='?page_no=21725'>21725<\/a><\/li>\n\n\n\n<li><a>...<\/a><\/li>\n\n\n\n<li><a href='?page_no=22911'>22911<\/a><\/li>\n\n\n\n<li><a href='?page_no=22912'>22912<\/a><\/li>\n\n    \n\t\n\n<li >\n\t<a href='?page_no=21724'>Next<\/a>\n\t<\/li>\n\n\n    \n\n<li><a href='?page_no=22912'>Last &rsaquo;&rsaquo;<\/a><\/li>\n\n<\/ul>\n\n\n--><br \/>\n<\/body><\/p>\n","protected":false},"excerpt":{"rendered":"<p>8 de Mayo del 2009 El vicepresidente de la Rep\u00fablica, doctor Rafael Alburquerque, encabez\u00f3 este viernes la inauguraci\u00f3n de tres diplomados de comunicaci\u00f3n en las \u00e1reas de Producci\u00f3n de Televisi\u00f3n, Radio y Periodismo Digital, que desarrollar\u00e1 la Direcci\u00f3n de Informaci\u00f3n, Prensa y Publicidad de la Presidencia, conjuntamente con la Universidad de Salamanca de Espa\u00f1a, dirigidos [&hellip;]<\/p>\n","protected":false},"author":3,"featured_media":0,"comment_status":"open","ping_status":"open","sticky":false,"template":"","format":"standard","meta":{"footnotes":""},"categories":[21],"tags":[],"class_list":["post-70045","post","type-post","status-publish","format-standard","hentry","category-cultura"],"_links":{"self":[{"href":"https:\/\/diariodominicano.com\/index.php?rest_route=\/wp\/v2\/posts\/70045","targetHints":{"allow":["GET"]}}],"collection":[{"href":"https:\/\/diariodominicano.com\/index.php?rest_route=\/wp\/v2\/posts"}],"about":[{"href":"https:\/\/diariodominicano.com\/index.php?rest_route=\/wp\/v2\/types\/post"}],"author":[{"embeddable":true,"href":"https:\/\/diariodominicano.com\/index.php?rest_route=\/wp\/v2\/users\/3"}],"replies":[{"embeddable":true,"href":"https:\/\/diariodominicano.com\/index.php?rest_route=%2Fwp%2Fv2%2Fcomments&post=70045"}],"version-history":[{"count":0,"href":"https:\/\/diariodominicano.com\/index.php?rest_route=\/wp\/v2\/posts\/70045\/revisions"}],"wp:attachment":[{"href":"https:\/\/diariodominicano.com\/index.php?rest_route=%2Fwp%2Fv2%2Fmedia&parent=70045"}],"wp:term":[{"taxonomy":"category","embeddable":true,"href":"https:\/\/diariodominicano.com\/index.php?rest_route=%2Fwp%2Fv2%2Fcategories&post=70045"},{"taxonomy":"post_tag","embeddable":true,"href":"https:\/\/diariodominicano.com\/index.php?rest_route=%2Fwp%2Fv2%2Ftags&post=70045"}],"curies":[{"name":"wp","href":"https:\/\/api.w.org\/{rel}","templated":true}]}}