{"id":70044,"date":"2009-05-11T21:28:35","date_gmt":"2009-05-11T21:28:35","guid":{"rendered":"http:\/\/diariodominicano.ddns.net\/?p=70044"},"modified":"2009-05-11T21:28:35","modified_gmt":"2009-05-11T21:28:35","slug":"vi-festival-internacional-de-teatro-promovera-el-trabajo-de-los-grupos-dominicanos-a-nivel-internacional","status":"publish","type":"post","link":"https:\/\/diariodominicano.com\/?p=70044","title":{"rendered":"VI Festival Internacional de Teatro promover\u00e1 el trabajo de los grupos dominicanos a nivel internacional."},"content":{"rendered":"<p><body><\/p>\n<p><span class=\"text1noticias\">?\tImportantes programadores internacionales han sido invitados para ver las propuestas de las compa\u00f1\u00edas locales. <\/span><\/p>\n<\/p>\n<p><span class=\"text1noticias\">Un punto sobresaliente del VI Festival Internacional de Teatro, Santo Domingo 2009 (FITE), es el marcado inter\u00e9s en la difusi\u00f3n de los proyectos teatrales dominicanos a nivel internacional.  <\/span><\/p>\n<\/p>\n<p><span class=\"text1noticias\">Para ello, en el marco esta gran fiesta teatral que se celebrar\u00e1 del 17 al 24 de junio en los principales escenarios del pa\u00eds,   se han dise\u00f1ado actividades especiales que buscan resaltar  la labor de los creadores esc\u00e9nicos locales y colocar sus proyectos en los circuitos de presentaciones e intercambios art\u00edsticos internacionales.  <\/span><\/p>\n<\/p>\n<p><span class=\"text1noticias\">En la edici\u00f3n 2009 del Festival se ha invitado a un selecto grupo de programadores,  directores de festivales y cr\u00edticos teatrales de Colombia, Espa\u00f1a, Estados Unidos y M\u00e9xico que participaran de la feria de artes VENTANA ESCENICA, un espacio de proyecci\u00f3n de las propuestas de los grupos y creadores esc\u00e9nicos nacionales.  <\/span><\/p>\n<\/p>\n<p><span class=\"text1noticias\">Como parte de las actividades de calentamiento del FITE  y con miras a garantizar la integraci\u00f3n y calidad de las presentaciones que har\u00e1n nuestros artistas en la segunda  edici\u00f3n de la VENTANA ESCENICA, la Direcci\u00f3n Nacional e Internacional de Festivales y el Centro Cultural Narciso Gonz\u00e1lez organizan este 15 y 16 de mayo el taller ?Presentaci\u00f3n de proyectos esc\u00e9nicos?,  dirigido a todos los teatristas  interesados  en crear un dossier profesional de su obra.   <\/span><\/p>\n<\/p>\n<p><span class=\"text1noticias\">Los participantes del taller recibir\u00e1n herramientas creativas y mercadol\u00f3gicas para presentar  con un est\u00e1ndar de calidad internacional sus proyectos y la documentaci\u00f3n de sus procesos art\u00edsticos.   <\/span><\/p>\n<\/p>\n<p><span class=\"text1noticias\">Los interesados pueden dirigirse a las oficinas del Festival ubicadas en el ala Oeste del Palacio de Bellas artes, con los tel\u00e9fonos 809 685-5465, o escribir a la direcci\u00f3n electr\u00f3nicas infovifestival@gmail.com \u00f3 visitar la p\u00e1gina Web  www.festivalteatro2009.com  para obtener m\u00e1s informaci\u00f3n. <\/span><\/p>\n<h6> 2009-05-11 21:28:35 <\/h6>\n<p><!--\n<link rel=\"stylesheet\" href=\"css\/bootstrap.min.css\">\n\n\n<ul class=\"pagination\">\n\t    \n\t\n\n<li >\n\t<a href='?page_no=21721'>Previous<\/a>\n\t<\/li>\n\n\n       \n    \n\n<li><a href='?page_no=1'>1<\/a><\/li>\n\n\n\n<li><a href='?page_no=2'>2<\/a><\/li>\n\n\n\n<li><a>...<\/a><\/li>\n\n\n\n<li><a href='?page_no=21720'>21720<\/a><\/li>\n\n\n\n<li><a href='?page_no=21721'>21721<\/a><\/li>\n\n\n\n<li class='active'><a>21722<\/a><\/li>\n\n\n\n<li><a href='?page_no=21723'>21723<\/a><\/li>\n\n\n\n<li><a href='?page_no=21724'>21724<\/a><\/li>\n\n\n\n<li><a>...<\/a><\/li>\n\n\n\n<li><a href='?page_no=22911'>22911<\/a><\/li>\n\n\n\n<li><a href='?page_no=22912'>22912<\/a><\/li>\n\n    \n\t\n\n<li >\n\t<a href='?page_no=21723'>Next<\/a>\n\t<\/li>\n\n\n    \n\n<li><a href='?page_no=22912'>Last &rsaquo;&rsaquo;<\/a><\/li>\n\n<\/ul>\n\n\n--><br \/>\n<\/body><\/p>\n","protected":false},"excerpt":{"rendered":"<p>? Importantes programadores internacionales han sido invitados para ver las propuestas de las compa\u00f1\u00edas locales. Un punto sobresaliente del VI Festival Internacional de Teatro, Santo Domingo 2009 (FITE), es el marcado inter\u00e9s en la difusi\u00f3n de los proyectos teatrales dominicanos a nivel internacional. Para ello, en el marco esta gran fiesta teatral que se celebrar\u00e1 [&hellip;]<\/p>\n","protected":false},"author":3,"featured_media":0,"comment_status":"open","ping_status":"open","sticky":false,"template":"","format":"standard","meta":{"footnotes":""},"categories":[21],"tags":[],"class_list":["post-70044","post","type-post","status-publish","format-standard","hentry","category-cultura"],"_links":{"self":[{"href":"https:\/\/diariodominicano.com\/index.php?rest_route=\/wp\/v2\/posts\/70044","targetHints":{"allow":["GET"]}}],"collection":[{"href":"https:\/\/diariodominicano.com\/index.php?rest_route=\/wp\/v2\/posts"}],"about":[{"href":"https:\/\/diariodominicano.com\/index.php?rest_route=\/wp\/v2\/types\/post"}],"author":[{"embeddable":true,"href":"https:\/\/diariodominicano.com\/index.php?rest_route=\/wp\/v2\/users\/3"}],"replies":[{"embeddable":true,"href":"https:\/\/diariodominicano.com\/index.php?rest_route=%2Fwp%2Fv2%2Fcomments&post=70044"}],"version-history":[{"count":0,"href":"https:\/\/diariodominicano.com\/index.php?rest_route=\/wp\/v2\/posts\/70044\/revisions"}],"wp:attachment":[{"href":"https:\/\/diariodominicano.com\/index.php?rest_route=%2Fwp%2Fv2%2Fmedia&parent=70044"}],"wp:term":[{"taxonomy":"category","embeddable":true,"href":"https:\/\/diariodominicano.com\/index.php?rest_route=%2Fwp%2Fv2%2Fcategories&post=70044"},{"taxonomy":"post_tag","embeddable":true,"href":"https:\/\/diariodominicano.com\/index.php?rest_route=%2Fwp%2Fv2%2Ftags&post=70044"}],"curies":[{"name":"wp","href":"https:\/\/api.w.org\/{rel}","templated":true}]}}