{"id":70043,"date":"2009-05-12T14:23:34","date_gmt":"2009-05-12T14:23:34","guid":{"rendered":"http:\/\/diariodominicano.ddns.net\/?p=70043"},"modified":"2009-05-12T14:23:34","modified_gmt":"2009-05-12T14:23:34","slug":"presentan-exposicion-expo-ipcas-09","status":"publish","type":"post","link":"https:\/\/diariodominicano.com\/?p=70043","title":{"rendered":"Presentan exposici\u00f3n expo ipcas 09"},"content":{"rendered":"<p><body><\/p>\n<p><img decoding=\"async\" src=\"http:\/\/localhost:8080\/img3\/ipca.jpg\" \/>  <\/p>\n<p><span class=\"text1noticias\">Video con palabras de motivaci\u00f3n de Sor Isabel P\u00e9rez, Directora:<\/span><\/p>\n<p><span class=\"text1noticias\">http:\/\/www.youtube.com\/watch?v=p7q-70mEPk0<\/span><\/p>\n<p><span class=\"text1noticias\"> <\/span><\/p>\n<p><span class=\"text1noticias\">Por V\u00edctor Rodr\u00edguez<\/span><\/p>\n<p><span class=\"text1noticias\"> <\/span><\/p>\n<p><span class=\"text1noticias\">El Instituto Polit\u00e9cnico Cardenal Sancha de Santo Domingo present\u00f3 ayer la exposici\u00f3n t\u00e9cnica EXPO IPCAS 2009, donde sus estudiantes, apoyados por el personal docente, hicieron una grandiosa demostraci\u00f3n de los conocimientos y habilidades que han adquirido en dicho centro en las \u00e1reas comercial, art\u00edstica, inform\u00e1tica, turismo, log\u00edstica, electr\u00f3nica, electricidad, deportes, manualidades, as\u00ed como en lo acad\u00e9mico. <\/span><\/p>\n<\/p>\n<p><span class=\"text1noticias\">En un derroche de creatividad, los j\u00f3venes se instalaron en las aulas convirti\u00e9ndolas en cl\u00ednicas, laboratorios de inform\u00e1tica, agencias de viaje, laboratorios de qu\u00edmica, bares, restaurantes, tiendas por departamentos, atelier de alta costura, tienda de artesan\u00edas y decoraci\u00f3n, un club deportivo, museos, una sala de videojuegos, una tienda t\u00edpica dominicana, un avi\u00f3n y hasta el Metro de Santo Domingo! Al cierre, con su espect\u00e1culo de gimnasia y expresi\u00f3n corporal, demostraron que adem\u00e1s de su rigurosa preparaci\u00f3n intelectual no han dejado a un lado su formaci\u00f3n f\u00edsica.<\/span><\/p>\n<\/p>\n<p><span class=\"text1noticias\">Desde Cristo Rey en L\u00ednea felicitamos a su Directora, Sor Isabel P\u00e9rez, de las Hermanas de la Caridad del Cardenal Sancha, as\u00ed como tambi\u00e9n al personal docente y a todos los estudiantes por su gran esfuerzo.<\/span><\/p>\n<h6> 2009-05-12 14:23:34 <\/h6>\n<p><!--\n<link rel=\"stylesheet\" href=\"css\/bootstrap.min.css\">\n\n\n<ul class=\"pagination\">\n\t    \n\t\n\n<li >\n\t<a href='?page_no=21720'>Previous<\/a>\n\t<\/li>\n\n\n       \n    \n\n<li><a href='?page_no=1'>1<\/a><\/li>\n\n\n\n<li><a href='?page_no=2'>2<\/a><\/li>\n\n\n\n<li><a>...<\/a><\/li>\n\n\n\n<li><a href='?page_no=21719'>21719<\/a><\/li>\n\n\n\n<li><a href='?page_no=21720'>21720<\/a><\/li>\n\n\n\n<li class='active'><a>21721<\/a><\/li>\n\n\n\n<li><a href='?page_no=21722'>21722<\/a><\/li>\n\n\n\n<li><a href='?page_no=21723'>21723<\/a><\/li>\n\n\n\n<li><a>...<\/a><\/li>\n\n\n\n<li><a href='?page_no=22911'>22911<\/a><\/li>\n\n\n\n<li><a href='?page_no=22912'>22912<\/a><\/li>\n\n    \n\t\n\n<li >\n\t<a href='?page_no=21722'>Next<\/a>\n\t<\/li>\n\n\n    \n\n<li><a href='?page_no=22912'>Last &rsaquo;&rsaquo;<\/a><\/li>\n\n<\/ul>\n\n\n--><br \/>\n<\/body><\/p>\n","protected":false},"excerpt":{"rendered":"<p>Video con palabras de motivaci\u00f3n de Sor Isabel P\u00e9rez, Directora: http:\/\/www.youtube.com\/watch?v=p7q-70mEPk0 Por V\u00edctor Rodr\u00edguez El Instituto Polit\u00e9cnico Cardenal Sancha de Santo Domingo present\u00f3 ayer la exposici\u00f3n t\u00e9cnica EXPO IPCAS 2009, donde sus estudiantes, apoyados por el personal docente, hicieron una grandiosa demostraci\u00f3n de los conocimientos y habilidades que han adquirido en dicho centro en las [&hellip;]<\/p>\n","protected":false},"author":3,"featured_media":0,"comment_status":"open","ping_status":"open","sticky":false,"template":"","format":"standard","meta":{"footnotes":""},"categories":[21],"tags":[],"class_list":["post-70043","post","type-post","status-publish","format-standard","hentry","category-cultura"],"_links":{"self":[{"href":"https:\/\/diariodominicano.com\/index.php?rest_route=\/wp\/v2\/posts\/70043","targetHints":{"allow":["GET"]}}],"collection":[{"href":"https:\/\/diariodominicano.com\/index.php?rest_route=\/wp\/v2\/posts"}],"about":[{"href":"https:\/\/diariodominicano.com\/index.php?rest_route=\/wp\/v2\/types\/post"}],"author":[{"embeddable":true,"href":"https:\/\/diariodominicano.com\/index.php?rest_route=\/wp\/v2\/users\/3"}],"replies":[{"embeddable":true,"href":"https:\/\/diariodominicano.com\/index.php?rest_route=%2Fwp%2Fv2%2Fcomments&post=70043"}],"version-history":[{"count":0,"href":"https:\/\/diariodominicano.com\/index.php?rest_route=\/wp\/v2\/posts\/70043\/revisions"}],"wp:attachment":[{"href":"https:\/\/diariodominicano.com\/index.php?rest_route=%2Fwp%2Fv2%2Fmedia&parent=70043"}],"wp:term":[{"taxonomy":"category","embeddable":true,"href":"https:\/\/diariodominicano.com\/index.php?rest_route=%2Fwp%2Fv2%2Fcategories&post=70043"},{"taxonomy":"post_tag","embeddable":true,"href":"https:\/\/diariodominicano.com\/index.php?rest_route=%2Fwp%2Fv2%2Ftags&post=70043"}],"curies":[{"name":"wp","href":"https:\/\/api.w.org\/{rel}","templated":true}]}}