{"id":70042,"date":"2009-05-12T14:29:38","date_gmt":"2009-05-12T14:29:38","guid":{"rendered":"http:\/\/diariodominicano.ddns.net\/?p=70042"},"modified":"2009-05-12T14:29:38","modified_gmt":"2009-05-12T14:29:38","slug":"el-poeta-regresa-del-purgatorio","status":"publish","type":"post","link":"https:\/\/diariodominicano.com\/?p=70042","title":{"rendered":"El poeta regresa del purgatorio"},"content":{"rendered":"<p><body><\/p>\n<p><img decoding=\"async\" src=\"img3\/poeta.jpg\" \/>  <\/p>\n<p><span class=\"text1noticias\">De Luis Manuel Ledesma tengo un vago recuerdo de a principios de los a\u00f1os noventa en el alto Manhattan. Su nombre sin embargo resuena en mi memoria desde mucho antes. <\/span><\/p>\n<\/p>\n<p><span class=\"text1noticias\">Es uno de los llamados poetas de posguerra; es decir, de aquellos j\u00f3venes que en vez de levantar armas o lanzar piedras llenaron de versos las calles de Santo Domingo durante las luchas sociales y pol\u00edticas que siguieron a la Revoluci\u00f3n de Abril y luego los sangrientos Doce A\u00f1os de Joaqu\u00edn Balaguer. (Lea el art\u00edculo completo en el blog personal del periodista y escritor Jos\u00e9 Carvajal (http:\/\/www.josecarvajal.com)<\/span><\/p>\n<h6> 2009-05-12 14:29:38 <\/h6>\n<p><!--\n<link rel=\"stylesheet\" href=\"css\/bootstrap.min.css\">\n\n\n<ul class=\"pagination\">\n\t    \n\t\n\n<li >\n\t<a href='?page_no=21719'>Previous<\/a>\n\t<\/li>\n\n\n       \n    \n\n<li><a href='?page_no=1'>1<\/a><\/li>\n\n\n\n<li><a href='?page_no=2'>2<\/a><\/li>\n\n\n\n<li><a>...<\/a><\/li>\n\n\n\n<li><a href='?page_no=21718'>21718<\/a><\/li>\n\n\n\n<li><a href='?page_no=21719'>21719<\/a><\/li>\n\n\n\n<li class='active'><a>21720<\/a><\/li>\n\n\n\n<li><a href='?page_no=21721'>21721<\/a><\/li>\n\n\n\n<li><a href='?page_no=21722'>21722<\/a><\/li>\n\n\n\n<li><a>...<\/a><\/li>\n\n\n\n<li><a href='?page_no=22911'>22911<\/a><\/li>\n\n\n\n<li><a href='?page_no=22912'>22912<\/a><\/li>\n\n    \n\t\n\n<li >\n\t<a href='?page_no=21721'>Next<\/a>\n\t<\/li>\n\n\n    \n\n<li><a href='?page_no=22912'>Last &rsaquo;&rsaquo;<\/a><\/li>\n\n<\/ul>\n\n\n--><br \/>\n<\/body><\/p>\n","protected":false},"excerpt":{"rendered":"<p>De Luis Manuel Ledesma tengo un vago recuerdo de a principios de los a\u00f1os noventa en el alto Manhattan. Su nombre sin embargo resuena en mi memoria desde mucho antes. Es uno de los llamados poetas de posguerra; es decir, de aquellos j\u00f3venes que en vez de levantar armas o lanzar piedras llenaron de versos [&hellip;]<\/p>\n","protected":false},"author":3,"featured_media":0,"comment_status":"open","ping_status":"open","sticky":false,"template":"","format":"standard","meta":{"footnotes":""},"categories":[21],"tags":[],"class_list":["post-70042","post","type-post","status-publish","format-standard","hentry","category-cultura"],"_links":{"self":[{"href":"https:\/\/diariodominicano.com\/index.php?rest_route=\/wp\/v2\/posts\/70042","targetHints":{"allow":["GET"]}}],"collection":[{"href":"https:\/\/diariodominicano.com\/index.php?rest_route=\/wp\/v2\/posts"}],"about":[{"href":"https:\/\/diariodominicano.com\/index.php?rest_route=\/wp\/v2\/types\/post"}],"author":[{"embeddable":true,"href":"https:\/\/diariodominicano.com\/index.php?rest_route=\/wp\/v2\/users\/3"}],"replies":[{"embeddable":true,"href":"https:\/\/diariodominicano.com\/index.php?rest_route=%2Fwp%2Fv2%2Fcomments&post=70042"}],"version-history":[{"count":0,"href":"https:\/\/diariodominicano.com\/index.php?rest_route=\/wp\/v2\/posts\/70042\/revisions"}],"wp:attachment":[{"href":"https:\/\/diariodominicano.com\/index.php?rest_route=%2Fwp%2Fv2%2Fmedia&parent=70042"}],"wp:term":[{"taxonomy":"category","embeddable":true,"href":"https:\/\/diariodominicano.com\/index.php?rest_route=%2Fwp%2Fv2%2Fcategories&post=70042"},{"taxonomy":"post_tag","embeddable":true,"href":"https:\/\/diariodominicano.com\/index.php?rest_route=%2Fwp%2Fv2%2Ftags&post=70042"}],"curies":[{"name":"wp","href":"https:\/\/api.w.org\/{rel}","templated":true}]}}