{"id":70041,"date":"2009-05-12T15:49:15","date_gmt":"2009-05-12T15:49:15","guid":{"rendered":"http:\/\/diariodominicano.ddns.net\/?p=70041"},"modified":"2009-05-12T15:49:15","modified_gmt":"2009-05-12T15:49:15","slug":"dia-internacional-de-los-museos","status":"publish","type":"post","link":"https:\/\/diariodominicano.com\/?p=70041","title":{"rendered":"D\u00eda Internacional de los Museos"},"content":{"rendered":"<p><body><\/p>\n<p><span class=\"text1noticias\">Desde 1977 se celebra el 18 de mayo de cada a\u00f1o el D\u00eda Internacional de los Museos. Esta celebraci\u00f3n gira alrededor de un tema espec\u00edfico que es definido por el Comit\u00e9 Consultivo del Consejo Internacional de Museos, ICOM, en cada ciclo. Para el 2009, el ICOM escogi\u00f3 el lema \u00abPor un turismo cultural sostenible en el mundo entero\u00bb, reconociendo la importancia que tienen los museos en la renovaci\u00f3n de las relaciones entre los turistas y las comunidades locales, lo cual permite y facilita el desarrollo de un turismo cultural sustentable, que sea responsable y compatible con la preservaci\u00f3n del medio ambiente. De esta manera tambi\u00e9n se reconoce el valor que tiene el patrimonio en favor de la sostenibilidad del desarrollo social. <\/span><\/p>\n<\/p>\n<p><span class=\"text1noticias\">Uni\u00e9ndose a la celebraci\u00f3n de miles de museos que en todo el mundo convocar\u00e1n actividades por un turismo cultural sostenible, responsable y \u00e9tico, el Centro Le\u00f3n promueve un encuentro con el sector tur\u00edstico dominicano, con la participaci\u00f3n del reconocido especialista espa\u00f1ol en turismo y cultura Manuel Ramos Lizana, invitado por ICOM-Dominicana y el Centro Cultural de Espa\u00f1a a nuestro pa\u00eds, quien presentar\u00e1 la conferencia El turismo cultural, los museos y la planificaci\u00f3n. El programa incluye tambi\u00e9n un panel integrado por especialistas que, desde diferentes enfoques y campos de acci\u00f3n, mostrar\u00e1n sus experiencias en Rep\u00fablica Dominicana.<\/span><\/p>\n<\/p>\n<p><span class=\"text1noticias\">As\u00ed, el Centro Le\u00f3n se une a esta celebraci\u00f3n con diversas actividades, en las que se pretenden propiciar encuentros que integren a las comunidades y provocar di\u00e1logos din\u00e1micos y participativos, como muestra del rol activo que los museos desempe\u00f1an en la actualidad en el mejoramiento de la calidad de vida de la naci\u00f3n. <\/span><\/p>\n<\/p>\n<p><span class=\"text1noticias\">Las actividades contin\u00faan el domingo 17, en un D\u00eda de Puertas Abiertas y Pasad\u00eda familiar, con visitas a sus exposiciones y un programa de actividades para p\u00fablicos de diferentes edades, que incluyen cine Infantil, cine arte, juegos, talleres, m\u00fasica y creaciones pertenecientes a diversas manifestaciones culturales.<\/span><\/p>\n<p><span class=\"text1noticias\">A su vez, durante esta semana en el contexto de esta celebraci\u00f3n por el D\u00eda Internacional de los Museos, daremos inicio al Programa de Talleres ILAM \/Centro Le\u00f3n en el curso Teor\u00eda y pr\u00e1ctica de museos, impartido por el especialista costarricense Oscar Navarro Rojas. <\/span><\/p>\n<p><span class=\"text1noticias\">Para el Centro Le\u00f3n, la celebraci\u00f3n del D\u00eda Internacional de los Museos es una excelente oportunidad para fortalecer nuestros prop\u00f3sitos de que la labor muse\u00edstica y de animaci\u00f3n sociocultural que realiza descanse en un di\u00e1logo permanente con la comunidad pues, en definitiva, el rol del museo es ahora m\u00e1s que nunca de participar en la construcci\u00f3n de una mejor sociedad.<\/span><\/p>\n<h6> 2009-05-12 15:49:15 <\/h6>\n<p><!--\n<link rel=\"stylesheet\" href=\"css\/bootstrap.min.css\">\n\n\n<ul class=\"pagination\">\n\t    \n\t\n\n<li >\n\t<a href='?page_no=21718'>Previous<\/a>\n\t<\/li>\n\n\n       \n    \n\n<li><a href='?page_no=1'>1<\/a><\/li>\n\n\n\n<li><a href='?page_no=2'>2<\/a><\/li>\n\n\n\n<li><a>...<\/a><\/li>\n\n\n\n<li><a href='?page_no=21717'>21717<\/a><\/li>\n\n\n\n<li><a href='?page_no=21718'>21718<\/a><\/li>\n\n\n\n<li class='active'><a>21719<\/a><\/li>\n\n\n\n<li><a href='?page_no=21720'>21720<\/a><\/li>\n\n\n\n<li><a href='?page_no=21721'>21721<\/a><\/li>\n\n\n\n<li><a>...<\/a><\/li>\n\n\n\n<li><a href='?page_no=22911'>22911<\/a><\/li>\n\n\n\n<li><a href='?page_no=22912'>22912<\/a><\/li>\n\n    \n\t\n\n<li >\n\t<a href='?page_no=21720'>Next<\/a>\n\t<\/li>\n\n\n    \n\n<li><a href='?page_no=22912'>Last &rsaquo;&rsaquo;<\/a><\/li>\n\n<\/ul>\n\n\n--><br \/>\n<\/body><\/p>\n","protected":false},"excerpt":{"rendered":"<p>Desde 1977 se celebra el 18 de mayo de cada a\u00f1o el D\u00eda Internacional de los Museos. Esta celebraci\u00f3n gira alrededor de un tema espec\u00edfico que es definido por el Comit\u00e9 Consultivo del Consejo Internacional de Museos, ICOM, en cada ciclo. Para el 2009, el ICOM escogi\u00f3 el lema \u00abPor un turismo cultural sostenible en [&hellip;]<\/p>\n","protected":false},"author":3,"featured_media":0,"comment_status":"open","ping_status":"open","sticky":false,"template":"","format":"standard","meta":{"footnotes":""},"categories":[21],"tags":[],"class_list":["post-70041","post","type-post","status-publish","format-standard","hentry","category-cultura"],"_links":{"self":[{"href":"https:\/\/diariodominicano.com\/index.php?rest_route=\/wp\/v2\/posts\/70041","targetHints":{"allow":["GET"]}}],"collection":[{"href":"https:\/\/diariodominicano.com\/index.php?rest_route=\/wp\/v2\/posts"}],"about":[{"href":"https:\/\/diariodominicano.com\/index.php?rest_route=\/wp\/v2\/types\/post"}],"author":[{"embeddable":true,"href":"https:\/\/diariodominicano.com\/index.php?rest_route=\/wp\/v2\/users\/3"}],"replies":[{"embeddable":true,"href":"https:\/\/diariodominicano.com\/index.php?rest_route=%2Fwp%2Fv2%2Fcomments&post=70041"}],"version-history":[{"count":0,"href":"https:\/\/diariodominicano.com\/index.php?rest_route=\/wp\/v2\/posts\/70041\/revisions"}],"wp:attachment":[{"href":"https:\/\/diariodominicano.com\/index.php?rest_route=%2Fwp%2Fv2%2Fmedia&parent=70041"}],"wp:term":[{"taxonomy":"category","embeddable":true,"href":"https:\/\/diariodominicano.com\/index.php?rest_route=%2Fwp%2Fv2%2Fcategories&post=70041"},{"taxonomy":"post_tag","embeddable":true,"href":"https:\/\/diariodominicano.com\/index.php?rest_route=%2Fwp%2Fv2%2Ftags&post=70041"}],"curies":[{"name":"wp","href":"https:\/\/api.w.org\/{rel}","templated":true}]}}