{"id":70040,"date":"2009-05-12T18:40:08","date_gmt":"2009-05-12T18:40:08","guid":{"rendered":"http:\/\/diariodominicano.ddns.net\/?p=70040"},"modified":"2009-05-12T18:40:08","modified_gmt":"2009-05-12T18:40:08","slug":"circulara-obra-sobre-secuestros-en-republica-dominicana","status":"publish","type":"post","link":"https:\/\/diariodominicano.com\/?p=70040","title":{"rendered":"Circular\u00e1 Obra Sobre Secuestros en Rep\u00fablica Dominicana"},"content":{"rendered":"<p><body><\/p>\n<p><span class=\"text1noticias\">El periodista Rafael Polanco pondr\u00e1 en circulaci\u00f3n el libro \u00abSECUESTROS, HORAS DE TERROR\u00bb en el que hace un recuento de los raptos realizados en el pa\u00eds, teniendo como tema central el plagio del 16 de mayo de 1979 en Radio Comercial, hecho en el que 7 comunicadores de Noti-Tiempo fueron retenidos por un sujeto que reclama salvo conducto para salir del pa\u00eds en calidad de exiliado.<\/span><\/p>\n<p><span class=\"text1noticias\"> <\/span><\/p>\n<p><span class=\"text1noticias\">Los periodistas secuestrados por Jos\u00e9 Danilo S\u00e1nchez Pineda fueron, adem\u00e1s del autor, Margarita Cordero, Jes\u00fas Manuel Jim\u00e9nez, Negro Mart\u00ednez, Rosario Tif\u00e1, Pedro Familia y el fenecido Antol\u00edn Mont\u00e1s.<\/span><\/p>\n<p><span class=\"text1noticias\"> <\/span><\/p>\n<p><span class=\"text1noticias\">En acto de puesta en circulaci\u00f3n de la obra tendr\u00e1 lugar el mi\u00e9rcoles 13 de mayo, en la Casa Nacional del Periodista, en el Centro de los H\u00e9roes, a partir de las 6:00 de la tarde y al mismo han sido invitadas las v\u00edctimas del secuestro.<\/span><\/p>\n<p><span class=\"text1noticias\"> <\/span><\/p>\n<p><span class=\"text1noticias\">La obra incluye los testimonios de varios de los comunicadores que fueron raptados por S\u00e1nchez Pineda y un recuento de la vida de S\u00e1nchez Pineda, narrada por el periodista Melton Pineda, primo de \u00e9ste, nacidos ambos en la comunidad de Santana, en Barahona.<\/span><\/p>\n<p><span class=\"text1noticias\"> <\/span><\/p>\n<p><span class=\"text1noticias\">Adem\u00e1s del recuento de los secuestros de mayor connotaci\u00f3n que han tenido lugar en el pa\u00eds y los testimonios de algunas de las v\u00edctimas de los mismos, se incluyen fotograf\u00edas que datan de hasta 40 a\u00f1os de haber sido tomadas, incluyendo muchas de ese 16 de mayo de 1979, cuando el pa\u00eds fue puesto en jaque por un desconocido.<\/span><\/p>\n<p><span class=\"text1noticias\"> <\/span><\/p>\n<p><span class=\"text1noticias\">Polanco explic\u00f3 que originalmente se plante\u00f3 escribir algunos trabajos period\u00edsticos a prop\u00f3sito del 30 aniversarios del secuestro del que fue v\u00edctima junto a sus colegas periodistas, incluyendo a Rosario Tif\u00e1 que para entonces era estudiantes de comunicaci\u00f3n social y quien se desempe\u00f1aba como archivista del Departamento de Prensa de Radio Comercial.<\/span><\/p>\n<p><span class=\"text1noticias\"> <\/span><\/p>\n<p><span class=\"text1noticias\">Resalta en la obra el papel estelar desempe\u00f1ado por el fallecido periodista Antol\u00edn Mont\u00e1s, quien fungi\u00f3 como una especie de secretario o asistente del secuestrador, pero que con una gran maestr\u00eda supo combinar, en esas horas dif\u00edciles, su veteran\u00eda de hombre ducho y su temperamento jovial para sortear momentos de mucha tensi\u00f3n durante el rapto que pudieron ser determinantes para un desenlace incruento o menos tinto en sangre.<\/span><\/p>\n<p><span class=\"text1noticias\"> <\/span><\/p>\n<p><span class=\"text1noticias\">La obra llama la atenci\u00f3n sobre la necesidad de ponerle atenci\u00f3n al curso por el que transita el pa\u00eds ya que poco a poco lo va asemejando a la situaci\u00f3n que se vive en naciones como Colombia, M\u00e9xico y Per\u00fa, donde el secuestro es parte del d\u00eda a d\u00eda de los ciudadanos de esas naciones.<\/span><\/p>\n<p><span class=\"text1noticias\"> <\/span><\/p>\n<p><span class=\"text1noticias\">El libro del periodista Rafael Polanco advierte tambi\u00e9n sobre las actitudes que se asumen desde algunos estamentos del poder, en los que la componenda, la complicidad y la impunidad se codean con el crimen organizado, colectivo  o de car\u00e1cter individual, cuando no es que participan de manera directa en los hechos que est\u00e1n llamados a enfrentar.<\/span><\/p>\n<h6> 2009-05-12 18:40:08 <\/h6>\n<p><!--\n<link rel=\"stylesheet\" href=\"css\/bootstrap.min.css\">\n\n\n<ul class=\"pagination\">\n\t    \n\t\n\n<li >\n\t<a href='?page_no=21717'>Previous<\/a>\n\t<\/li>\n\n\n       \n    \n\n<li><a href='?page_no=1'>1<\/a><\/li>\n\n\n\n<li><a href='?page_no=2'>2<\/a><\/li>\n\n\n\n<li><a>...<\/a><\/li>\n\n\n\n<li><a href='?page_no=21716'>21716<\/a><\/li>\n\n\n\n<li><a href='?page_no=21717'>21717<\/a><\/li>\n\n\n\n<li class='active'><a>21718<\/a><\/li>\n\n\n\n<li><a href='?page_no=21719'>21719<\/a><\/li>\n\n\n\n<li><a href='?page_no=21720'>21720<\/a><\/li>\n\n\n\n<li><a>...<\/a><\/li>\n\n\n\n<li><a href='?page_no=22911'>22911<\/a><\/li>\n\n\n\n<li><a href='?page_no=22912'>22912<\/a><\/li>\n\n    \n\t\n\n<li >\n\t<a href='?page_no=21719'>Next<\/a>\n\t<\/li>\n\n\n    \n\n<li><a href='?page_no=22912'>Last &rsaquo;&rsaquo;<\/a><\/li>\n\n<\/ul>\n\n\n--><br \/>\n<\/body><\/p>\n","protected":false},"excerpt":{"rendered":"<p>El periodista Rafael Polanco pondr\u00e1 en circulaci\u00f3n el libro \u00abSECUESTROS, HORAS DE TERROR\u00bb en el que hace un recuento de los raptos realizados en el pa\u00eds, teniendo como tema central el plagio del 16 de mayo de 1979 en Radio Comercial, hecho en el que 7 comunicadores de Noti-Tiempo fueron retenidos por un sujeto que [&hellip;]<\/p>\n","protected":false},"author":3,"featured_media":0,"comment_status":"open","ping_status":"open","sticky":false,"template":"","format":"standard","meta":{"footnotes":""},"categories":[21],"tags":[],"class_list":["post-70040","post","type-post","status-publish","format-standard","hentry","category-cultura"],"_links":{"self":[{"href":"https:\/\/diariodominicano.com\/index.php?rest_route=\/wp\/v2\/posts\/70040","targetHints":{"allow":["GET"]}}],"collection":[{"href":"https:\/\/diariodominicano.com\/index.php?rest_route=\/wp\/v2\/posts"}],"about":[{"href":"https:\/\/diariodominicano.com\/index.php?rest_route=\/wp\/v2\/types\/post"}],"author":[{"embeddable":true,"href":"https:\/\/diariodominicano.com\/index.php?rest_route=\/wp\/v2\/users\/3"}],"replies":[{"embeddable":true,"href":"https:\/\/diariodominicano.com\/index.php?rest_route=%2Fwp%2Fv2%2Fcomments&post=70040"}],"version-history":[{"count":0,"href":"https:\/\/diariodominicano.com\/index.php?rest_route=\/wp\/v2\/posts\/70040\/revisions"}],"wp:attachment":[{"href":"https:\/\/diariodominicano.com\/index.php?rest_route=%2Fwp%2Fv2%2Fmedia&parent=70040"}],"wp:term":[{"taxonomy":"category","embeddable":true,"href":"https:\/\/diariodominicano.com\/index.php?rest_route=%2Fwp%2Fv2%2Fcategories&post=70040"},{"taxonomy":"post_tag","embeddable":true,"href":"https:\/\/diariodominicano.com\/index.php?rest_route=%2Fwp%2Fv2%2Ftags&post=70040"}],"curies":[{"name":"wp","href":"https:\/\/api.w.org\/{rel}","templated":true}]}}