{"id":70039,"date":"2009-05-12T22:04:22","date_gmt":"2009-05-12T22:04:22","guid":{"rendered":"http:\/\/diariodominicano.ddns.net\/?p=70039"},"modified":"2009-05-12T22:04:22","modified_gmt":"2009-05-12T22:04:22","slug":"primera-dama-recibe-premio-mujer-de-la-esperanza","status":"publish","type":"post","link":"https:\/\/diariodominicano.com\/?p=70039","title":{"rendered":"Primera Dama recibe premio ?Mujer de la Esperanza?"},"content":{"rendered":"<p><body><\/p>\n<p><img decoding=\"async\" src=\"http:\/\/localhost:8080\/img3\/marga.jpg\" \/>  <\/p>\n<p><span class=\"text1noticias\">La Primera Dama de la Rep\u00fablica Dominicana, Margarita Cede\u00f1o de Fern\u00e1ndez, recibi\u00f3 el premio ?Mujer de la Esperanza? de manos del doctor Orlando Terr\u00e9 Camacho, Presidente de la Asociaci\u00f3n Mundial de Educaci\u00f3n Especial (AMEE), adem\u00e1s de un reconocimiento por los aportes a la ni\u00f1ez dominicana.<\/span><\/p>\n<\/p>\n<p><span class=\"text1noticias\">El premio y reconocimiento le fue entregado a Cede\u00f1o de Fern\u00e1ndez durante la inauguraci\u00f3n de la Segunda Bienal Mundial de Educaci\u00f3n, Estimulaci\u00f3n y Desarrollo Infantil de la cual la Rep\u00fablica Dominicana fue pa\u00eds sede. <\/span><\/p>\n<\/p>\n<p><span class=\"text1noticias\">?Me place entregar el premio ?Mujer de la Esperanza? a una mujer que trabaja cada d\u00eda por el desarrollo de su gente y especialmente por el trabajo que hace por los ni\u00f1os y ni\u00f1as de este pa\u00eds?, en estos t\u00e9rminos se expres\u00f3 el doctor Terr\u00e9 al entregar el premio a la Primera Dama.<\/span><\/p>\n<\/p>\n<p><span class=\"text1noticias\">Durante la inauguraci\u00f3n del evento y la entrega de premio, Fern\u00e1ndez estuvo acompa\u00f1ada en la mesa de honor por Orlando Terr\u00e9 Camacho, Margarita Dargam, Presidenta del Comit\u00e9 Organizador de la Segunda Bienal; Clara B\u00e1ez, directora general de Educaci\u00f3n Inicial, y Moraima N\u00fa\u00f1ez Lara, Psicopedagoga de Venezuela.<\/span><\/p>\n<\/p>\n<p><span class=\"text1noticias\">Esta Segunda Bienal se realiz\u00f3 con el objetivo de reunir a todos los y las especialistas en Educaci\u00f3n, Estimulaci\u00f3n y Desarrollo Infantil de todo el mundo, a fin de concienciar a la poblaci\u00f3n que trabaja con ni\u00f1os y ni\u00f1as, compartir experiencias y abrir puertas a nuevas tendencias de educaci\u00f3n  en este sentido.<\/span><\/p>\n<\/p>\n<p><span class=\"text1noticias\">En esta ocasi\u00f3n participaron maestros y maestras, padres y madres procedentes de Per\u00fa, Cuba, Venezuela, Estados Unidos, Chile, Panam\u00e1, Bolivia, Costa Rica, Argentina, M\u00e9xico, Espa\u00f1a, Ecuador, Angola y Rep\u00fablica Dominicana.\/\/\/   <\/span><\/p>\n<h6> 2009-05-12 22:04:22 <\/h6>\n<p><!--\n<link rel=\"stylesheet\" href=\"css\/bootstrap.min.css\">\n\n\n<ul class=\"pagination\">\n\t    \n\t\n\n<li >\n\t<a href='?page_no=21716'>Previous<\/a>\n\t<\/li>\n\n\n       \n    \n\n<li><a href='?page_no=1'>1<\/a><\/li>\n\n\n\n<li><a href='?page_no=2'>2<\/a><\/li>\n\n\n\n<li><a>...<\/a><\/li>\n\n\n\n<li><a href='?page_no=21715'>21715<\/a><\/li>\n\n\n\n<li><a href='?page_no=21716'>21716<\/a><\/li>\n\n\n\n<li class='active'><a>21717<\/a><\/li>\n\n\n\n<li><a href='?page_no=21718'>21718<\/a><\/li>\n\n\n\n<li><a href='?page_no=21719'>21719<\/a><\/li>\n\n\n\n<li><a>...<\/a><\/li>\n\n\n\n<li><a href='?page_no=22911'>22911<\/a><\/li>\n\n\n\n<li><a href='?page_no=22912'>22912<\/a><\/li>\n\n    \n\t\n\n<li >\n\t<a href='?page_no=21718'>Next<\/a>\n\t<\/li>\n\n\n    \n\n<li><a href='?page_no=22912'>Last &rsaquo;&rsaquo;<\/a><\/li>\n\n<\/ul>\n\n\n--><br \/>\n<\/body><\/p>\n","protected":false},"excerpt":{"rendered":"<p>La Primera Dama de la Rep\u00fablica Dominicana, Margarita Cede\u00f1o de Fern\u00e1ndez, recibi\u00f3 el premio ?Mujer de la Esperanza? de manos del doctor Orlando Terr\u00e9 Camacho, Presidente de la Asociaci\u00f3n Mundial de Educaci\u00f3n Especial (AMEE), adem\u00e1s de un reconocimiento por los aportes a la ni\u00f1ez dominicana. El premio y reconocimiento le fue entregado a Cede\u00f1o de [&hellip;]<\/p>\n","protected":false},"author":3,"featured_media":0,"comment_status":"open","ping_status":"open","sticky":false,"template":"","format":"standard","meta":{"footnotes":""},"categories":[21],"tags":[],"class_list":["post-70039","post","type-post","status-publish","format-standard","hentry","category-cultura"],"_links":{"self":[{"href":"https:\/\/diariodominicano.com\/index.php?rest_route=\/wp\/v2\/posts\/70039","targetHints":{"allow":["GET"]}}],"collection":[{"href":"https:\/\/diariodominicano.com\/index.php?rest_route=\/wp\/v2\/posts"}],"about":[{"href":"https:\/\/diariodominicano.com\/index.php?rest_route=\/wp\/v2\/types\/post"}],"author":[{"embeddable":true,"href":"https:\/\/diariodominicano.com\/index.php?rest_route=\/wp\/v2\/users\/3"}],"replies":[{"embeddable":true,"href":"https:\/\/diariodominicano.com\/index.php?rest_route=%2Fwp%2Fv2%2Fcomments&post=70039"}],"version-history":[{"count":0,"href":"https:\/\/diariodominicano.com\/index.php?rest_route=\/wp\/v2\/posts\/70039\/revisions"}],"wp:attachment":[{"href":"https:\/\/diariodominicano.com\/index.php?rest_route=%2Fwp%2Fv2%2Fmedia&parent=70039"}],"wp:term":[{"taxonomy":"category","embeddable":true,"href":"https:\/\/diariodominicano.com\/index.php?rest_route=%2Fwp%2Fv2%2Fcategories&post=70039"},{"taxonomy":"post_tag","embeddable":true,"href":"https:\/\/diariodominicano.com\/index.php?rest_route=%2Fwp%2Fv2%2Ftags&post=70039"}],"curies":[{"name":"wp","href":"https:\/\/api.w.org\/{rel}","templated":true}]}}