{"id":70037,"date":"2009-05-13T14:46:29","date_gmt":"2009-05-13T14:46:29","guid":{"rendered":"http:\/\/diariodominicano.ddns.net\/?p=70037"},"modified":"2009-05-13T14:46:29","modified_gmt":"2009-05-13T14:46:29","slug":"maestro-alberto-ulloa-muestra-sus-variaciones-pictoricas-en-el-hotel-santo-domingo","status":"publish","type":"post","link":"https:\/\/diariodominicano.com\/?p=70037","title":{"rendered":"Maestro Alberto Ulloa muestra sus \u00abVariaciones Pictoricas\u00bb en el Hotel Santo Domingo."},"content":{"rendered":"<p><body><\/p>\n<p><img decoding=\"async\" src=\"http:\/\/localhost:8080\/img3\/pince.jpg\" \/>  <\/p>\n<p><span class=\"text1noticias\">\u00abAlberto Ulloa: Variaciones Pict\u00f3ricas\u00bb <\/span><\/p>\n<p><span class=\"text1noticias\">Del 13 al 15 de mayo 2009.<\/span><\/p>\n<p><span class=\"text1noticias\">Gala Inaugural :: 7:30 P.M. <\/span><\/p>\n<p><span class=\"text1noticias\">Hotel Santo Domingo, Sal\u00f3n Bohechio.<\/span><\/p>\n<p><span class=\"text1noticias\">Informe y contacto :: 809-449-1249<\/span><\/p>\n<p><span class=\"text1noticias\">Invita :: Galer\u00eda Sebel\u00e9n. <\/span><\/p>\n<p><span class=\"text1noticias\"> <\/span><\/p>\n<p><span class=\"text1noticias\">EL MAESTRO ALBERTO ULLOA MUESTRA SUS \u00abVARIACIONES PICT\u00d3RICAS\u00bb EN EL HOTEL SANTO DOMINGO; la exposici\u00f3n es presentada por Galer\u00eda Sebel\u00e9n de Puerto Rico.<\/span><\/p>\n<\/p>\n<p><span class=\"text1noticias\">Santo Domingo._ La Galer\u00eda Sebel\u00e9n de Puerto Rico, presenta una muestra individual del Maestro ALBERTO ULLOA, hoy mi\u00e9rcoles 13 de mayo 2009, a las 7:30 de la noche en el Sal\u00f3n Bohechio del Hotel Santo Domingo. ?VARIACIONES PICT\u00d3RICAS?, es t\u00edtulo de exposici\u00f3n compuesta por m\u00e1s de 40 obras en diferentes formatos.<\/span><\/p>\n<\/p>\n<p><span class=\"text1noticias\">La misma forma parte de las actividades de la galer\u00eda dentro de la celebraci\u00f3n de la primera FERIA INTERNACIONAL DE ARTE FIART 2009, que se celebrar\u00e1 del 20 al 24 de mayo 2009 en Bellas Artes, <\/span><\/p>\n<p><span class=\"text1noticias\">seg\u00fan inform\u00f3 el director de la galer\u00eda Sr. Ranier Sebel\u00e9n.<\/span><\/p>\n<\/p>\n<p><span class=\"text1noticias\">ALBERTO ULLOA naci\u00f3 en Puerto Plata, en 1950. Estudi\u00f3 pintura en la Escuela Nacional de Bellas Artes y se gradu\u00f3 en el a\u00f1o 1974. Fue alumno de Jaime Colson y de Domingo Liz. Junto a Cuevas, Montilla, y Kuma form\u00f3 un grupo pict\u00f3rico. Ese mismo a\u00f1o obtuvo distinciones y primeros premios por su calidad art\u00edstica. En 1975 la Secretaria de Estado de Educaci\u00f3n del pa\u00eds le concede la beca ?Abelardo Rodr\u00edguez Urdaneta? para estudiar arte en la Escuela de San Fernando, de Espa\u00f1a. En 1977 Donde Obtuvo el t\u00edtulo de profesor de Artes Pl\u00e1sticas en dicha escuela. Luego comenz\u00f3 pintura mural en la misma Academia e Historia del arte.<\/span><\/p>\n<\/p>\n<p><span class=\"text1noticias\">Ha realizado un sinn\u00famero de exposiciones Individuales y ha obtenido muchos premios, distinciones y reconocimientos, tanto en su pa\u00eds como en el extranjero.<\/span><\/p>\n<\/p>\n<p><span class=\"text1noticias\">ALBERTO ULLOA es considerado como uno de los grandes pintores de Rep\u00fablica Dominicana de todos los tiempos.<\/span><\/p>\n<\/p>\n<p><span class=\"text1noticias\">La muestra individual de ALBERTO ULLOA, titulada ?VARIACIONES PICT\u00d3RICAS?, es presentada por la Galer\u00eda Sebel\u00e9n de Puerto Rico, e inaugurar\u00e1 hoy mi\u00e9rcoles 13 de mayo 2009, a las 7:30 de la noche y permanecer\u00e1 abierta hasta el d\u00eda 15 de este mes en el Sal\u00f3n Bohechio del Hotel Santo Domingo, Ave. Independencia esq. Abraham Lincoln, Santo Domingo, Rep. Dominicana._<\/span><\/p>\n<h6> 2009-05-13 14:46:29 <\/h6>\n<p><!--\n<link rel=\"stylesheet\" href=\"css\/bootstrap.min.css\">\n\n\n<ul class=\"pagination\">\n\t    \n\t\n\n<li >\n\t<a href='?page_no=21714'>Previous<\/a>\n\t<\/li>\n\n\n       \n    \n\n<li><a href='?page_no=1'>1<\/a><\/li>\n\n\n\n<li><a href='?page_no=2'>2<\/a><\/li>\n\n\n\n<li><a>...<\/a><\/li>\n\n\n\n<li><a href='?page_no=21713'>21713<\/a><\/li>\n\n\n\n<li><a href='?page_no=21714'>21714<\/a><\/li>\n\n\n\n<li class='active'><a>21715<\/a><\/li>\n\n\n\n<li><a href='?page_no=21716'>21716<\/a><\/li>\n\n\n\n<li><a href='?page_no=21717'>21717<\/a><\/li>\n\n\n\n<li><a>...<\/a><\/li>\n\n\n\n<li><a href='?page_no=22911'>22911<\/a><\/li>\n\n\n\n<li><a href='?page_no=22912'>22912<\/a><\/li>\n\n    \n\t\n\n<li >\n\t<a href='?page_no=21716'>Next<\/a>\n\t<\/li>\n\n\n    \n\n<li><a href='?page_no=22912'>Last &rsaquo;&rsaquo;<\/a><\/li>\n\n<\/ul>\n\n\n--><br \/>\n<\/body><\/p>\n","protected":false},"excerpt":{"rendered":"<p>\u00abAlberto Ulloa: Variaciones Pict\u00f3ricas\u00bb Del 13 al 15 de mayo 2009. Gala Inaugural :: 7:30 P.M. Hotel Santo Domingo, Sal\u00f3n Bohechio. Informe y contacto :: 809-449-1249 Invita :: Galer\u00eda Sebel\u00e9n. EL MAESTRO ALBERTO ULLOA MUESTRA SUS \u00abVARIACIONES PICT\u00d3RICAS\u00bb EN EL HOTEL SANTO DOMINGO; la exposici\u00f3n es presentada por Galer\u00eda Sebel\u00e9n de Puerto Rico. Santo Domingo._ [&hellip;]<\/p>\n","protected":false},"author":3,"featured_media":0,"comment_status":"open","ping_status":"open","sticky":false,"template":"","format":"standard","meta":{"footnotes":""},"categories":[21],"tags":[],"class_list":["post-70037","post","type-post","status-publish","format-standard","hentry","category-cultura"],"_links":{"self":[{"href":"https:\/\/diariodominicano.com\/index.php?rest_route=\/wp\/v2\/posts\/70037","targetHints":{"allow":["GET"]}}],"collection":[{"href":"https:\/\/diariodominicano.com\/index.php?rest_route=\/wp\/v2\/posts"}],"about":[{"href":"https:\/\/diariodominicano.com\/index.php?rest_route=\/wp\/v2\/types\/post"}],"author":[{"embeddable":true,"href":"https:\/\/diariodominicano.com\/index.php?rest_route=\/wp\/v2\/users\/3"}],"replies":[{"embeddable":true,"href":"https:\/\/diariodominicano.com\/index.php?rest_route=%2Fwp%2Fv2%2Fcomments&post=70037"}],"version-history":[{"count":0,"href":"https:\/\/diariodominicano.com\/index.php?rest_route=\/wp\/v2\/posts\/70037\/revisions"}],"wp:attachment":[{"href":"https:\/\/diariodominicano.com\/index.php?rest_route=%2Fwp%2Fv2%2Fmedia&parent=70037"}],"wp:term":[{"taxonomy":"category","embeddable":true,"href":"https:\/\/diariodominicano.com\/index.php?rest_route=%2Fwp%2Fv2%2Fcategories&post=70037"},{"taxonomy":"post_tag","embeddable":true,"href":"https:\/\/diariodominicano.com\/index.php?rest_route=%2Fwp%2Fv2%2Ftags&post=70037"}],"curies":[{"name":"wp","href":"https:\/\/api.w.org\/{rel}","templated":true}]}}