{"id":70036,"date":"2009-05-13T14:47:36","date_gmt":"2009-05-13T14:47:36","guid":{"rendered":"http:\/\/diariodominicano.ddns.net\/?p=70036"},"modified":"2009-05-13T14:47:36","modified_gmt":"2009-05-13T14:47:36","slug":"uasd-impartira-seminario-treinta-anos-de-educacion-cinematografica-universitaria","status":"publish","type":"post","link":"https:\/\/diariodominicano.com\/?p=70036","title":{"rendered":"UASD impartir\u00e1 Seminario ?Treinta a\u00f1os de Educaci\u00f3n Cinematogr\u00e1fica Universitaria?"},"content":{"rendered":"<p><body><\/p>\n<p><img decoding=\"async\" src=\"img3\/cinema.jpg\" \/>  <\/p>\n<p><span class=\"text1noticias\"> La Universidad Aut\u00f3noma de Santo Domingo (UASD), a trav\u00e9s de su Facultad de Artes, impartir\u00e1 el Seminario Nacional ?Treinta a\u00f1os de educaci\u00f3n cinematogr\u00e1fica universitaria 1979-2009?, dedicado a la memoria del extinto profesor Humberto Fr\u00edas.<\/span><\/p>\n<\/p>\n<p><span class=\"text1noticias\">La actividad se desarrollar\u00e1 desde este mi\u00e9rcoles 13 hasta el viernes 15, en el Teatro-Paraninfo de la Facultad de Artes, en horario de 3:00 de la tarde a 9:00 de la noche.<\/span><\/p>\n<\/p>\n<p><span class=\"text1noticias\">El evento incluye la exhibici\u00f3n de pel\u00edculas, realizaci\u00f3n de panel,  conferencias y exposiciones, y se tocar\u00e1n temas relacionados con el ?Derecho de Autor en Rep\u00fablica Dominicana?, ?Perfil hist\u00f3rico de la creaci\u00f3n de la Asociaci\u00f3n de Estudiantes de Cine?, y ?La Fundaci\u00f3n Global y el desarrollo del cine dominicano?.<\/span><\/p>\n<\/p>\n<p><span class=\"text1noticias\">Tambi\u00e9n, ?Egresados y estudiantes en las producciones cinematogr\u00e1ficas dominicanas?, ?La constituci\u00f3n de la carrera de t\u00e9cnico en Artes Cinematogr\u00e1ficas?, ?Perspectivas de la industria cinematogr\u00e1fica dominicana?, y otros.<\/span><\/p>\n<\/p>\n<p><span class=\"text1noticias\">El profesor Fr\u00edas fue director del Cine Universitario por un largo per\u00edodo, \u00e1rea en que se destac\u00f3 notablemente siendo uno de los principales impulsores del desarrollo de esa unidad en nuestra universidad.<\/span><\/p>\n<h6> 2009-05-13 14:47:36 <\/h6>\n<p><!--\n<link rel=\"stylesheet\" href=\"css\/bootstrap.min.css\">\n\n\n<ul class=\"pagination\">\n\t    \n\t\n\n<li >\n\t<a href='?page_no=21713'>Previous<\/a>\n\t<\/li>\n\n\n       \n    \n\n<li><a href='?page_no=1'>1<\/a><\/li>\n\n\n\n<li><a href='?page_no=2'>2<\/a><\/li>\n\n\n\n<li><a>...<\/a><\/li>\n\n\n\n<li><a href='?page_no=21712'>21712<\/a><\/li>\n\n\n\n<li><a href='?page_no=21713'>21713<\/a><\/li>\n\n\n\n<li class='active'><a>21714<\/a><\/li>\n\n\n\n<li><a href='?page_no=21715'>21715<\/a><\/li>\n\n\n\n<li><a href='?page_no=21716'>21716<\/a><\/li>\n\n\n\n<li><a>...<\/a><\/li>\n\n\n\n<li><a href='?page_no=22911'>22911<\/a><\/li>\n\n\n\n<li><a href='?page_no=22912'>22912<\/a><\/li>\n\n    \n\t\n\n<li >\n\t<a href='?page_no=21715'>Next<\/a>\n\t<\/li>\n\n\n    \n\n<li><a href='?page_no=22912'>Last &rsaquo;&rsaquo;<\/a><\/li>\n\n<\/ul>\n\n\n--><br \/>\n<\/body><\/p>\n","protected":false},"excerpt":{"rendered":"<p>La Universidad Aut\u00f3noma de Santo Domingo (UASD), a trav\u00e9s de su Facultad de Artes, impartir\u00e1 el Seminario Nacional ?Treinta a\u00f1os de educaci\u00f3n cinematogr\u00e1fica universitaria 1979-2009?, dedicado a la memoria del extinto profesor Humberto Fr\u00edas. La actividad se desarrollar\u00e1 desde este mi\u00e9rcoles 13 hasta el viernes 15, en el Teatro-Paraninfo de la Facultad de Artes, en [&hellip;]<\/p>\n","protected":false},"author":3,"featured_media":0,"comment_status":"open","ping_status":"open","sticky":false,"template":"","format":"standard","meta":{"footnotes":""},"categories":[21],"tags":[],"class_list":["post-70036","post","type-post","status-publish","format-standard","hentry","category-cultura"],"_links":{"self":[{"href":"https:\/\/diariodominicano.com\/index.php?rest_route=\/wp\/v2\/posts\/70036","targetHints":{"allow":["GET"]}}],"collection":[{"href":"https:\/\/diariodominicano.com\/index.php?rest_route=\/wp\/v2\/posts"}],"about":[{"href":"https:\/\/diariodominicano.com\/index.php?rest_route=\/wp\/v2\/types\/post"}],"author":[{"embeddable":true,"href":"https:\/\/diariodominicano.com\/index.php?rest_route=\/wp\/v2\/users\/3"}],"replies":[{"embeddable":true,"href":"https:\/\/diariodominicano.com\/index.php?rest_route=%2Fwp%2Fv2%2Fcomments&post=70036"}],"version-history":[{"count":0,"href":"https:\/\/diariodominicano.com\/index.php?rest_route=\/wp\/v2\/posts\/70036\/revisions"}],"wp:attachment":[{"href":"https:\/\/diariodominicano.com\/index.php?rest_route=%2Fwp%2Fv2%2Fmedia&parent=70036"}],"wp:term":[{"taxonomy":"category","embeddable":true,"href":"https:\/\/diariodominicano.com\/index.php?rest_route=%2Fwp%2Fv2%2Fcategories&post=70036"},{"taxonomy":"post_tag","embeddable":true,"href":"https:\/\/diariodominicano.com\/index.php?rest_route=%2Fwp%2Fv2%2Ftags&post=70036"}],"curies":[{"name":"wp","href":"https:\/\/api.w.org\/{rel}","templated":true}]}}