{"id":70035,"date":"2009-05-13T15:22:00","date_gmt":"2009-05-13T15:22:00","guid":{"rendered":"http:\/\/diariodominicano.ddns.net\/?p=70035"},"modified":"2009-05-13T15:22:00","modified_gmt":"2009-05-13T15:22:00","slug":"presentan-exposicion-nuevas-perspectivas-de-la-republica-dominicana","status":"publish","type":"post","link":"https:\/\/diariodominicano.com\/?p=70035","title":{"rendered":"Presentan exposici\u00f3n  Nuevas perspectivas  de la Rep\u00fablica Dominicana"},"content":{"rendered":"<p><body><\/p>\n<p><img decoding=\"async\" src=\"http:\/\/localhost:8080\/img3\/cuado.jpg\" \/>  <\/p>\n<p><span class=\"text1noticias\">La muestra, que se mantendr\u00e1 en exhibici\u00f3n hasta el 30 de junio, consta de 130 im\u00e1genes de distintas provincias del pa\u00eds y  forma parte de una propuesta, que incluye un libro. <\/span><\/p>\n<\/p>\n<p><span class=\"text1noticias\">Santo Domingo. La Fundaci\u00f3n Global Democracia y Desarrollo y la Global Foundation for Democracy (GFDD) de Estados Unidos, en coordinaci\u00f3n con la Secretar\u00eda de Estado de Cultura, inauguraron la exposici\u00f3n de fotograf\u00edas ?Nuevas perspectivas de la Rep\u00fablica Dominicana: un pa\u00eds desde el cielo?, muestra que recoge paradis\u00edacos lugares que adornan la geograf\u00eda nacional, enfocada por la lente de la artista Anne Casale.<\/span><\/p>\n<\/p>\n<p><span class=\"text1noticias\">La exposici\u00f3n, que estar\u00e1 expuesta en la verja perimetral del Parque Independencia hasta el 30 de junio del corriente a\u00f1o, acopia, entre otras, im\u00e1genes contenidas en el libro Nuevas Perspectivas: Rep\u00fablica Dominicana, publicaci\u00f3n de GFDD y FUNGLODE realizada por un equipo internacional interdisciplinario liderado por Natasha Despotovic, directora y editora en jefe.<\/span><\/p>\n<\/p>\n<p><span class=\"text1noticias\">El acto inici\u00f3 con las palabras de bienvenida del director ejecutivo de Funglode, Frderick Enman Zad\u00e9, quien valor\u00f3 el talento de la fot\u00f3grafa, tras asegurar que su trabajo nos ayuda a recordar el colorido pa\u00eds en que vivimos y la gran belleza natural que posee.<\/span><\/p>\n<\/p>\n<p><span class=\"text1noticias\">Mientras Lourdes Camilo de Cuello, Subsecretaria de Patrimonio Cultural, tras un recorrido por las exposiciones que se han presentado en el Parque Independencia, la galer\u00eda m\u00e1s grande del pa\u00eds, asegur\u00f3 que las mismas han sido un incentivo para los artistas del lente y el desarrollo de las artes visuales. <\/span><\/p>\n<\/p>\n<p><span class=\"text1noticias\">Sobre la exposici\u00f3n ?Nuevas perspectivas: Rep\u00fablica Dominicana?, dijo que es un recorrido de expresiones fotogr\u00e1ficas del patrimonio natural y cultural del pa\u00eds, en el que ?Anne Casale se introduce en las tendencias naturalistas mostr\u00e1ndonos la realidad: testimonio de la belleza de nuestras playas, monta\u00f1as, valles y ciudades?.<\/span><\/p>\n<\/p>\n<p><span class=\"text1noticias\">Expres\u00f3 su deseo de que la exposici\u00f3n, adem\u00e1s de ser un est\u00edmulo para que los dominicanos cuiden el patrimonio arqueol\u00f3gico, natural y cultural de la naci\u00f3n, sea una reflexi\u00f3n y reorientaci\u00f3n para continuar el desarrollo sostenible y emprender una modalidad de turismo m\u00e1s humano.<\/span><\/p>\n<\/p>\n<p><span class=\"text1noticias\">Por su parte, la artista del lente Anne Casale expres\u00f3 su agradecimiento por la acogida que el  pueblo dominicano ha dado a su trabajo.  <\/span><\/p>\n<\/p>\n<p><span class=\"text1noticias\">La exhibici\u00f3n consta de 130 im\u00e1genes de las provincias de Saman\u00e1, La Altagracia, Santiago Rodr\u00edguez, Santo Domingo, Pedernales, Barahona, Monte Cristi, Valverde, Puerto Plata, Santiago, Espaillat, Salcedo, Mar\u00eda Trinidad S\u00e1nchez, Duarte, Hato Mayor, El Seibo, La Romana, San Pedro de Macor\u00eds, Monte Plata, San Crist\u00f3bal, San Jos\u00e9, Azua, La Vega, San Jos\u00e9 de Ocoa, S\u00e1nchez Ram\u00edrez, Peravia, Monse\u00f1or Nouel, Independencia, Bahoruco, El\u00edas Pi\u00f1a y Dajab\u00f3n.<\/span><\/p>\n<\/p>\n<p><span class=\"text1noticias\">El acto de apertura celebrado en el interior del Parque Independencia cont\u00f3 con la presencia de funcionarios de Funglode y la Secretar\u00eda de Estado de Cultura, as\u00ed como invitados especiales.<\/span><\/p>\n<h6> 2009-05-13 15:22:00 <\/h6>\n<p><!--\n<link rel=\"stylesheet\" href=\"css\/bootstrap.min.css\">\n\n\n<ul class=\"pagination\">\n\t    \n\t\n\n<li >\n\t<a href='?page_no=21712'>Previous<\/a>\n\t<\/li>\n\n\n       \n    \n\n<li><a href='?page_no=1'>1<\/a><\/li>\n\n\n\n<li><a href='?page_no=2'>2<\/a><\/li>\n\n\n\n<li><a>...<\/a><\/li>\n\n\n\n<li><a href='?page_no=21711'>21711<\/a><\/li>\n\n\n\n<li><a href='?page_no=21712'>21712<\/a><\/li>\n\n\n\n<li class='active'><a>21713<\/a><\/li>\n\n\n\n<li><a href='?page_no=21714'>21714<\/a><\/li>\n\n\n\n<li><a href='?page_no=21715'>21715<\/a><\/li>\n\n\n\n<li><a>...<\/a><\/li>\n\n\n\n<li><a href='?page_no=22911'>22911<\/a><\/li>\n\n\n\n<li><a href='?page_no=22912'>22912<\/a><\/li>\n\n    \n\t\n\n<li >\n\t<a href='?page_no=21714'>Next<\/a>\n\t<\/li>\n\n\n    \n\n<li><a href='?page_no=22912'>Last &rsaquo;&rsaquo;<\/a><\/li>\n\n<\/ul>\n\n\n--><br \/>\n<\/body><\/p>\n","protected":false},"excerpt":{"rendered":"<p>La muestra, que se mantendr\u00e1 en exhibici\u00f3n hasta el 30 de junio, consta de 130 im\u00e1genes de distintas provincias del pa\u00eds y forma parte de una propuesta, que incluye un libro. Santo Domingo. La Fundaci\u00f3n Global Democracia y Desarrollo y la Global Foundation for Democracy (GFDD) de Estados Unidos, en coordinaci\u00f3n con la Secretar\u00eda de [&hellip;]<\/p>\n","protected":false},"author":3,"featured_media":0,"comment_status":"open","ping_status":"open","sticky":false,"template":"","format":"standard","meta":{"footnotes":""},"categories":[21],"tags":[],"class_list":["post-70035","post","type-post","status-publish","format-standard","hentry","category-cultura"],"_links":{"self":[{"href":"https:\/\/diariodominicano.com\/index.php?rest_route=\/wp\/v2\/posts\/70035","targetHints":{"allow":["GET"]}}],"collection":[{"href":"https:\/\/diariodominicano.com\/index.php?rest_route=\/wp\/v2\/posts"}],"about":[{"href":"https:\/\/diariodominicano.com\/index.php?rest_route=\/wp\/v2\/types\/post"}],"author":[{"embeddable":true,"href":"https:\/\/diariodominicano.com\/index.php?rest_route=\/wp\/v2\/users\/3"}],"replies":[{"embeddable":true,"href":"https:\/\/diariodominicano.com\/index.php?rest_route=%2Fwp%2Fv2%2Fcomments&post=70035"}],"version-history":[{"count":0,"href":"https:\/\/diariodominicano.com\/index.php?rest_route=\/wp\/v2\/posts\/70035\/revisions"}],"wp:attachment":[{"href":"https:\/\/diariodominicano.com\/index.php?rest_route=%2Fwp%2Fv2%2Fmedia&parent=70035"}],"wp:term":[{"taxonomy":"category","embeddable":true,"href":"https:\/\/diariodominicano.com\/index.php?rest_route=%2Fwp%2Fv2%2Fcategories&post=70035"},{"taxonomy":"post_tag","embeddable":true,"href":"https:\/\/diariodominicano.com\/index.php?rest_route=%2Fwp%2Fv2%2Ftags&post=70035"}],"curies":[{"name":"wp","href":"https:\/\/api.w.org\/{rel}","templated":true}]}}