{"id":70034,"date":"2009-05-13T15:39:48","date_gmt":"2009-05-13T15:39:48","guid":{"rendered":"http:\/\/diariodominicano.ddns.net\/?p=70034"},"modified":"2009-05-13T15:39:48","modified_gmt":"2009-05-13T15:39:48","slug":"cultura-entrega-equipos-a-teatro-nacional","status":"publish","type":"post","link":"https:\/\/diariodominicano.com\/?p=70034","title":{"rendered":"Cultura entrega equipos a Teatro Nacional"},"content":{"rendered":"<p><body><\/p>\n<p><img decoding=\"async\" src=\"http:\/\/localhost:8080\/img3\/pantala.jpg\" \/>  <\/p>\n<p><span class=\"text1noticias\">El Teatro Nacional Eduardo Brito contar\u00e1 con equipos de c\u00e1mara y pantallas para dar seguimiento a espect\u00e1culos y eventos que se realicen en la sala principal.<\/span><\/p>\n<\/p>\n<p><span class=\"text1noticias\">El Teatro Nacional Eduardo Brito contar\u00e1, en pocas semanas, con c\u00e1maras y pantallas que permitir\u00e1n a los usuarios de su sala principal, seguir el desarrollo de los espect\u00e1culos y eventos que se realicen en la misma sin necesidad de ingresar a dicha sala.<\/span><\/p>\n<\/p>\n<p><span class=\"text1noticias\">El Secretario de Estado de Cultura, Jos\u00e9 Rafael Lantigua, entreg\u00f3 esta semana los referidos equipos a la Directora General de la entidad, Catana P\u00e9rez de Cuello, en acto efectuado en la misma.<\/span><\/p>\n<\/p>\n<p><span class=\"text1noticias\">El titular de Cultura dijo que la adquisici\u00f3n de estos equipos se hizo debido a la necesidad que tiene el Teatro Nacional de mejorar sus instalaciones tecnol\u00f3gicas, a fin de facilitar un mejor desenvolvimiento general de la principal sala de espect\u00e1culos del pa\u00eds.<\/span><\/p>\n<\/p>\n<p><span class=\"text1noticias\">Por su parte, P\u00e9rez de Cuello dijo sentirse ?regocijada, por la sorpresa tan agradable que ha significado este aporte de nuestra Secretar\u00eda de Cultura, que era una necesidad imperiosa en este recinto?.<\/span><\/p>\n<\/p>\n<p><span class=\"text1noticias\">Lantigua hizo entrega a la profesora P\u00e9rez de Cuello de c\u00e1maras profesionales Sony con sus respectivos equipos de alta resoluci\u00f3n, as\u00ed como de pantallas Panasonic de \u00faltima generaci\u00f3n. Los equipos ser\u00e1n instalados de inmediato. Las c\u00e1maras se ubicar\u00e1n en la sala principal y las pantallas en el lobby del teatro.<\/span><\/p>\n<\/p>\n<p><span class=\"text1noticias\">Los usuarios de la sala principal que lleguen al teatro fuera de horario, seguir\u00e1n el curso del espect\u00e1culo a trav\u00e9s de estas pantallas, hasta que se les autorice la entrada a la sala en los recesos o cambios, conforme las normas internacionales de los grandes teatros del mundo.<\/span><\/p>\n<\/p>\n<p><span class=\"text1noticias\">Al mismo tiempo, estos equipos servir\u00e1n para que tanto la Direcci\u00f3n del Teatro como  los promotores de espect\u00e1culos en el recinto promuevan sus producciones a trav\u00e9s de los mismos. <\/span><\/p>\n<\/p>\n<p><span class=\"text1noticias\">Las c\u00e1maras y pantallas entregadas por la SEC se pondr\u00e1n en servicio dentro de dos semanas, seg\u00fan inform\u00f3 el ministro de Cultura.<\/span><\/p>\n<h6> 2009-05-13 15:39:48 <\/h6>\n<p><!--\n<link rel=\"stylesheet\" href=\"css\/bootstrap.min.css\">\n\n\n<ul class=\"pagination\">\n\t    \n\t\n\n<li >\n\t<a href='?page_no=21711'>Previous<\/a>\n\t<\/li>\n\n\n       \n    \n\n<li><a href='?page_no=1'>1<\/a><\/li>\n\n\n\n<li><a href='?page_no=2'>2<\/a><\/li>\n\n\n\n<li><a>...<\/a><\/li>\n\n\n\n<li><a href='?page_no=21710'>21710<\/a><\/li>\n\n\n\n<li><a href='?page_no=21711'>21711<\/a><\/li>\n\n\n\n<li class='active'><a>21712<\/a><\/li>\n\n\n\n<li><a href='?page_no=21713'>21713<\/a><\/li>\n\n\n\n<li><a href='?page_no=21714'>21714<\/a><\/li>\n\n\n\n<li><a>...<\/a><\/li>\n\n\n\n<li><a href='?page_no=22911'>22911<\/a><\/li>\n\n\n\n<li><a href='?page_no=22912'>22912<\/a><\/li>\n\n    \n\t\n\n<li >\n\t<a href='?page_no=21713'>Next<\/a>\n\t<\/li>\n\n\n    \n\n<li><a href='?page_no=22912'>Last &rsaquo;&rsaquo;<\/a><\/li>\n\n<\/ul>\n\n\n--><br \/>\n<\/body><\/p>\n","protected":false},"excerpt":{"rendered":"<p>El Teatro Nacional Eduardo Brito contar\u00e1 con equipos de c\u00e1mara y pantallas para dar seguimiento a espect\u00e1culos y eventos que se realicen en la sala principal. El Teatro Nacional Eduardo Brito contar\u00e1, en pocas semanas, con c\u00e1maras y pantallas que permitir\u00e1n a los usuarios de su sala principal, seguir el desarrollo de los espect\u00e1culos y [&hellip;]<\/p>\n","protected":false},"author":3,"featured_media":0,"comment_status":"open","ping_status":"open","sticky":false,"template":"","format":"standard","meta":{"footnotes":""},"categories":[21],"tags":[],"class_list":["post-70034","post","type-post","status-publish","format-standard","hentry","category-cultura"],"_links":{"self":[{"href":"https:\/\/diariodominicano.com\/index.php?rest_route=\/wp\/v2\/posts\/70034","targetHints":{"allow":["GET"]}}],"collection":[{"href":"https:\/\/diariodominicano.com\/index.php?rest_route=\/wp\/v2\/posts"}],"about":[{"href":"https:\/\/diariodominicano.com\/index.php?rest_route=\/wp\/v2\/types\/post"}],"author":[{"embeddable":true,"href":"https:\/\/diariodominicano.com\/index.php?rest_route=\/wp\/v2\/users\/3"}],"replies":[{"embeddable":true,"href":"https:\/\/diariodominicano.com\/index.php?rest_route=%2Fwp%2Fv2%2Fcomments&post=70034"}],"version-history":[{"count":0,"href":"https:\/\/diariodominicano.com\/index.php?rest_route=\/wp\/v2\/posts\/70034\/revisions"}],"wp:attachment":[{"href":"https:\/\/diariodominicano.com\/index.php?rest_route=%2Fwp%2Fv2%2Fmedia&parent=70034"}],"wp:term":[{"taxonomy":"category","embeddable":true,"href":"https:\/\/diariodominicano.com\/index.php?rest_route=%2Fwp%2Fv2%2Fcategories&post=70034"},{"taxonomy":"post_tag","embeddable":true,"href":"https:\/\/diariodominicano.com\/index.php?rest_route=%2Fwp%2Fv2%2Ftags&post=70034"}],"curies":[{"name":"wp","href":"https:\/\/api.w.org\/{rel}","templated":true}]}}