{"id":70033,"date":"2009-05-13T16:48:44","date_gmt":"2009-05-13T16:48:44","guid":{"rendered":"http:\/\/diariodominicano.ddns.net\/?p=70033"},"modified":"2009-05-13T16:48:44","modified_gmt":"2009-05-13T16:48:44","slug":"campamento-de-solidaridad-con-los-haitises","status":"publish","type":"post","link":"https:\/\/diariodominicano.com\/?p=70033","title":{"rendered":"Campamento de solidaridad con los Haitises"},"content":{"rendered":"<p><body><\/p>\n<p><img decoding=\"async\" src=\"http:\/\/localhost:8080\/img3\/flye.jpg\" \/>  <\/p>\n<p><span class=\"text1noticias\">Un grupo de j\u00f3venes preocupado por el medio ambiente y la preservaci\u00f3n de las reservas naturales del pa\u00eds levantar\u00e1n un campamento en Los Haitises, en procura de la anulaci\u00f3n de la concesi\u00f3n otorgada por el estado dominicano al Consorcio Minero Dominicano para la construcci\u00f3n de una planta de cemento en plena zona de amortiguamiento de la reserva ecol\u00f3gica.<\/span><\/p>\n<\/p>\n<p><span class=\"text1noticias\">Con la iniciativa, lo  j\u00f3venes est\u00e1n decididos a provocar una movilizaci\u00f3n social pacifica capaz de obtener la revocaci\u00f3n de la medida a favor del consorcio minero que preside el ingeniero Manuel Estrella.<\/span><\/p>\n<\/p>\n<p><span class=\"text1noticias\">El campamento, previsto a iniciar este pr\u00f3ximo s\u00e1bado 16 de mayo, tiene establecido como punto de salida hacia la zona de los Haitises, la Plaza H\u00e9roes de Abril de la Universidad Aut\u00f3noma de Santo Domingo (UASD), a partir de las siete de la ma\u00f1ana. <\/span><\/p>\n<\/p>\n<p><span class=\"text1noticias\">El grupo de j\u00f3venes independientes expresan que  ?El medio ambiente garantiza el sostenimiento de toda sociedad, destruirlo o permitir que lo destruyan es una acci\u00f3n incoherente de cualquier persona que se considere elemento de una transformaci\u00f3n hacia el bienestar social?. <\/span><\/p>\n<\/p>\n<p><span class=\"text1noticias\">En ese sentido, permanecer\u00e1n en los Haitises desde el s\u00e1bado 16 hasta el domingo 24 de mayo, donde desarrollar\u00e1n diferentes actividades culturales y de intercambio de conocimiento con los campesinos de la zona. <\/span><\/p>\n<\/p>\n<p><span class=\"text1noticias\">Asimismo, invitan a toda la poblaci\u00f3n que sienta preocupaci\u00f3n por el medio ambiente, a apoyarlos en el mismo lugar del campamento y en cualquier zona donde est\u00e9n. <\/span><\/p>\n<\/p>\n<p><span class=\"text1noticias\">En ese sentido, la  personas que quieran participar de este campamento pueden escribir al correo electr\u00f3nico ecocultura@gmail.com, y acceder a trav\u00e9s de la internet a ecocultura.blogspot.com , a fin de adquirir mayor conocimiento sobre el  grupo.  <\/span><\/p>\n<\/p>\n<p><span class=\"text1noticias\">El campamento ser\u00e1 autogestionado, por lo que se pide que cada voluntario brinde una cuota de RD$100.00 para el pago del autob\u00fas,  y para la alimentaci\u00f3n se pide un aporte de insumos (arroz, pl\u00e1tanos, carne, espaguetis, salsa, aceite, entre otros productos que puedan facilitar la estad\u00eda en el lugar.<\/span><\/p>\n<\/p>\n<p><span class=\"text1noticias\">Sin embargo, los organizadores de la actividad expresan que las personas que asistan al campamento aportar\u00e1n proporcionalmente a sus posibilidades, ya que lo que se pretende es integrarse con los campesinos de la zona y solidarizarse con ellos. En cuanto a los d\u00edas a durar, aclaran que cada persona puede permanecer el tiempo que considere justo y necesario. <\/span><\/p>\n<h6> 2009-05-13 16:48:44 <\/h6>\n<p><!--\n<link rel=\"stylesheet\" href=\"css\/bootstrap.min.css\">\n\n\n<ul class=\"pagination\">\n\t    \n\t\n\n<li >\n\t<a href='?page_no=21710'>Previous<\/a>\n\t<\/li>\n\n\n       \n    \n\n<li><a href='?page_no=1'>1<\/a><\/li>\n\n\n\n<li><a href='?page_no=2'>2<\/a><\/li>\n\n\n\n<li><a>...<\/a><\/li>\n\n\n\n<li><a href='?page_no=21709'>21709<\/a><\/li>\n\n\n\n<li><a href='?page_no=21710'>21710<\/a><\/li>\n\n\n\n<li class='active'><a>21711<\/a><\/li>\n\n\n\n<li><a href='?page_no=21712'>21712<\/a><\/li>\n\n\n\n<li><a href='?page_no=21713'>21713<\/a><\/li>\n\n\n\n<li><a>...<\/a><\/li>\n\n\n\n<li><a href='?page_no=22911'>22911<\/a><\/li>\n\n\n\n<li><a href='?page_no=22912'>22912<\/a><\/li>\n\n    \n\t\n\n<li >\n\t<a href='?page_no=21712'>Next<\/a>\n\t<\/li>\n\n\n    \n\n<li><a href='?page_no=22912'>Last &rsaquo;&rsaquo;<\/a><\/li>\n\n<\/ul>\n\n\n--><br \/>\n<\/body><\/p>\n","protected":false},"excerpt":{"rendered":"<p>Un grupo de j\u00f3venes preocupado por el medio ambiente y la preservaci\u00f3n de las reservas naturales del pa\u00eds levantar\u00e1n un campamento en Los Haitises, en procura de la anulaci\u00f3n de la concesi\u00f3n otorgada por el estado dominicano al Consorcio Minero Dominicano para la construcci\u00f3n de una planta de cemento en plena zona de amortiguamiento de [&hellip;]<\/p>\n","protected":false},"author":3,"featured_media":0,"comment_status":"open","ping_status":"open","sticky":false,"template":"","format":"standard","meta":{"footnotes":""},"categories":[21],"tags":[],"class_list":["post-70033","post","type-post","status-publish","format-standard","hentry","category-cultura"],"_links":{"self":[{"href":"https:\/\/diariodominicano.com\/index.php?rest_route=\/wp\/v2\/posts\/70033","targetHints":{"allow":["GET"]}}],"collection":[{"href":"https:\/\/diariodominicano.com\/index.php?rest_route=\/wp\/v2\/posts"}],"about":[{"href":"https:\/\/diariodominicano.com\/index.php?rest_route=\/wp\/v2\/types\/post"}],"author":[{"embeddable":true,"href":"https:\/\/diariodominicano.com\/index.php?rest_route=\/wp\/v2\/users\/3"}],"replies":[{"embeddable":true,"href":"https:\/\/diariodominicano.com\/index.php?rest_route=%2Fwp%2Fv2%2Fcomments&post=70033"}],"version-history":[{"count":0,"href":"https:\/\/diariodominicano.com\/index.php?rest_route=\/wp\/v2\/posts\/70033\/revisions"}],"wp:attachment":[{"href":"https:\/\/diariodominicano.com\/index.php?rest_route=%2Fwp%2Fv2%2Fmedia&parent=70033"}],"wp:term":[{"taxonomy":"category","embeddable":true,"href":"https:\/\/diariodominicano.com\/index.php?rest_route=%2Fwp%2Fv2%2Fcategories&post=70033"},{"taxonomy":"post_tag","embeddable":true,"href":"https:\/\/diariodominicano.com\/index.php?rest_route=%2Fwp%2Fv2%2Ftags&post=70033"}],"curies":[{"name":"wp","href":"https:\/\/api.w.org\/{rel}","templated":true}]}}