{"id":70032,"date":"2009-05-13T17:46:29","date_gmt":"2009-05-13T17:46:29","guid":{"rendered":"http:\/\/diariodominicano.ddns.net\/?p=70032"},"modified":"2009-05-13T17:46:29","modified_gmt":"2009-05-13T17:46:29","slug":"teoria-y-practica-del-periodismo-cultural-en-medios-digitales","status":"publish","type":"post","link":"https:\/\/diariodominicano.com\/?p=70032","title":{"rendered":"TEOR\u00cdA Y PR\u00c1CTICA DEL PERIODISMO CULTURAL EN MEDIOS DIGITALES"},"content":{"rendered":"<p><body><\/p>\n<p><span class=\"text1noticias\">Del 25 al 29 de Mayo de 2009 de 4 a 8 p.m.<\/span><\/p>\n<\/p>\n<p><span class=\"text1noticias\">El CCE presenta este taller dirigido a periodistas y estudiantes de periodismo, comunicaci\u00f3n, ling\u00fc\u00edstica y letras, que quieran especializarse en periodismo cultural.<\/span><\/p>\n<\/p>\n<p><span class=\"text1noticias\">Se tratar\u00e1 de ofrecer a los asistentes una perspectiva acad\u00e9mica sobre el periodismo cultural en los medios digitales. Discutir los cambios fundamentales en las actuales pr\u00e1cticas period\u00edsticas y analizar ejemplos pr\u00e1cticos de periodismo cultural en l\u00ednea.<\/span><\/p>\n<\/p>\n<p><span class=\"text1noticias\">Para realizar la inscripci\u00f3n mandar CV y carta de motivaci\u00f3n a info@ccesd.org Esta direcci\u00f3n de correo electr\u00f3nico est\u00e1 protegida contra los robots de spam, necesita tener Javascript activado para poder verla hasta el 19 de mayo. <\/span><\/p>\n<\/p>\n<p><span class=\"text1noticias\">Profesor: L\u00e1zaro Israel Rodr\u00edguez Oliva, Instituto Cubano de Investigaci\u00f3n Cultural Juan Marinello, La Habana, Cuba.<\/span><\/p>\n<\/p>\n<p><span class=\"text1noticias\">Metodolog\u00eda del taller <\/span><\/p>\n<p><span class=\"text1noticias\">A trav\u00e9s de la metodolog\u00eda de conferencias que incentiven los debates grupales, esta actividad docente se propone profundizar en los g\u00e9neros del periodismo cultural en la era digital; as\u00ed como discutir algunos ejemplos pr\u00e1cticos de peri\u00f3dicos europeos, de Am\u00e9rica latina y el Caribe.<\/span><\/p>\n<\/p>\n<p><span class=\"text1noticias\">Se priorizar\u00e1 la integraci\u00f3n de los conocimientos te\u00f3ricos, metodol\u00f3gicos y pr\u00e1cticos en las exposiciones, los trabajos individuales y los debates grupales.<\/span><\/p>\n<\/p>\n<p><span class=\"text1noticias\">Su formato de evaluaci\u00f3n dirigir\u00e1 el trabajo del estudiante en la producci\u00f3n de estos g\u00e9neros dentro de la especializaci\u00f3n en periodismo cultural en un taller de trabajo grupal.<\/span><\/p>\n<p><span class=\"text1noticias\"> <\/span><\/p>\n<p><span class=\"text1noticias\">   T\u00e9cnicas de instrucci\u00f3n<\/span><\/p>\n<p><span class=\"text1noticias\">   Exposici\u00f3n frente a grupo<\/span><\/p>\n<p><span class=\"text1noticias\">   Discusi\u00f3n grupal<\/span><\/p>\n<p><span class=\"text1noticias\">   Trabajo independiente<\/span><\/p>\n<p><span class=\"text1noticias\">   An\u00e1lisis de casos<\/span><\/p>\n<\/p>\n<p><span class=\"text1noticias\">   Evaluaci\u00f3n <\/span><\/p>\n<p><span class=\"text1noticias\">   Participaci\u00f3n activa en las sesiones docentes (20%)<\/span><\/p>\n<p><span class=\"text1noticias\">   La evaluaci\u00f3n ser\u00e1 el proyecto escrito y su defensa en el taller de producci\u00f3n (80%)<\/span><\/p>\n<p><span class=\"text1noticias\">   Cada participante seleccionado recibir\u00e1 una beca que costear\u00e1 la totalidad del taller. (En total 20 plazas).<\/span><\/p>\n<h6> 2009-05-13 17:46:29 <\/h6>\n<p><!--\n<link rel=\"stylesheet\" href=\"css\/bootstrap.min.css\">\n\n\n<ul class=\"pagination\">\n\t    \n\t\n\n<li >\n\t<a href='?page_no=21709'>Previous<\/a>\n\t<\/li>\n\n\n       \n    \n\n<li><a href='?page_no=1'>1<\/a><\/li>\n\n\n\n<li><a href='?page_no=2'>2<\/a><\/li>\n\n\n\n<li><a>...<\/a><\/li>\n\n\n\n<li><a href='?page_no=21708'>21708<\/a><\/li>\n\n\n\n<li><a href='?page_no=21709'>21709<\/a><\/li>\n\n\n\n<li class='active'><a>21710<\/a><\/li>\n\n\n\n<li><a href='?page_no=21711'>21711<\/a><\/li>\n\n\n\n<li><a href='?page_no=21712'>21712<\/a><\/li>\n\n\n\n<li><a>...<\/a><\/li>\n\n\n\n<li><a href='?page_no=22911'>22911<\/a><\/li>\n\n\n\n<li><a href='?page_no=22912'>22912<\/a><\/li>\n\n    \n\t\n\n<li >\n\t<a href='?page_no=21711'>Next<\/a>\n\t<\/li>\n\n\n    \n\n<li><a href='?page_no=22912'>Last &rsaquo;&rsaquo;<\/a><\/li>\n\n<\/ul>\n\n\n--><br \/>\n<\/body><\/p>\n","protected":false},"excerpt":{"rendered":"<p>Del 25 al 29 de Mayo de 2009 de 4 a 8 p.m. El CCE presenta este taller dirigido a periodistas y estudiantes de periodismo, comunicaci\u00f3n, ling\u00fc\u00edstica y letras, que quieran especializarse en periodismo cultural. Se tratar\u00e1 de ofrecer a los asistentes una perspectiva acad\u00e9mica sobre el periodismo cultural en los medios digitales. Discutir los [&hellip;]<\/p>\n","protected":false},"author":3,"featured_media":0,"comment_status":"open","ping_status":"open","sticky":false,"template":"","format":"standard","meta":{"footnotes":""},"categories":[21],"tags":[],"class_list":["post-70032","post","type-post","status-publish","format-standard","hentry","category-cultura"],"_links":{"self":[{"href":"https:\/\/diariodominicano.com\/index.php?rest_route=\/wp\/v2\/posts\/70032","targetHints":{"allow":["GET"]}}],"collection":[{"href":"https:\/\/diariodominicano.com\/index.php?rest_route=\/wp\/v2\/posts"}],"about":[{"href":"https:\/\/diariodominicano.com\/index.php?rest_route=\/wp\/v2\/types\/post"}],"author":[{"embeddable":true,"href":"https:\/\/diariodominicano.com\/index.php?rest_route=\/wp\/v2\/users\/3"}],"replies":[{"embeddable":true,"href":"https:\/\/diariodominicano.com\/index.php?rest_route=%2Fwp%2Fv2%2Fcomments&post=70032"}],"version-history":[{"count":0,"href":"https:\/\/diariodominicano.com\/index.php?rest_route=\/wp\/v2\/posts\/70032\/revisions"}],"wp:attachment":[{"href":"https:\/\/diariodominicano.com\/index.php?rest_route=%2Fwp%2Fv2%2Fmedia&parent=70032"}],"wp:term":[{"taxonomy":"category","embeddable":true,"href":"https:\/\/diariodominicano.com\/index.php?rest_route=%2Fwp%2Fv2%2Fcategories&post=70032"},{"taxonomy":"post_tag","embeddable":true,"href":"https:\/\/diariodominicano.com\/index.php?rest_route=%2Fwp%2Fv2%2Ftags&post=70032"}],"curies":[{"name":"wp","href":"https:\/\/api.w.org\/{rel}","templated":true}]}}