{"id":70031,"date":"2009-05-13T21:18:11","date_gmt":"2009-05-13T21:18:11","guid":{"rendered":"http:\/\/diariodominicano.ddns.net\/?p=70031"},"modified":"2009-05-13T21:18:11","modified_gmt":"2009-05-13T21:18:11","slug":"inicia-programacion-con-exposiciones-de-3-artistas","status":"publish","type":"post","link":"https:\/\/diariodominicano.com\/?p=70031","title":{"rendered":"Inicia programaci\u00f3n con exposiciones de 3 artistas"},"content":{"rendered":"<p><body><\/p>\n<p><span class=\"text1noticias\">El Centro Cultural de Espa\u00f1a  inicia su programaci\u00f3n Mayo ? Junio con las exposiciones de tres J\u00f3venes Artistas: dos nacionales, Edward Severino ?Graphibachiart? y  Citlally Miranda ?sint\u00c9tica? y uno internacional, Guillermo Araujo ?Postales de viaje?. Desde el CCE tenemos el honor de invitarle a las inauguraciones de sus exposiciones.<\/span><\/p>\n<\/p>\n<p><span class=\"text1noticias\">Viernes 15 de Mayo 7.30 pm y Mi\u00e9rcoles 10 de Junio 7.30 pm<\/span><\/p>\n<\/p>\n<p><span class=\"text1noticias\">El Centro Cultural de Espa\u00f1a, dentro de su espacio de exposici\u00f3n, brinda apoyo a la creaci\u00f3n y producci\u00f3n art\u00edstica m\u00e1s joven presentando tres artistas: Edward Severino ?Graphibachiart? y Guillermo Araujo ?Postales de viaje? entre el 15 y el 31 de mayo, y Citlally Miranda ?sint\u00c9tica?  entre el 10  y el 28 de junio. <\/span><\/p>\n<\/p>\n<p><span class=\"text1noticias\">Las piezas de Edward Severino, en sus propias palabras, son un conjunto de trabajos que hacen una especie de digesti\u00f3n visual con los materiales; los cuales retan al p\u00fablico a jugar visualmente en el medio urbano. La \u00absociedad moderna\u00bb procura al artista toda una paleta de colores, im\u00e1genes, basura, consumo, noticias y saltos mortales por los aires ?en fin el mundo surrealista que somos hoy?, para volcarlo nuevamente sobre el espectador.<\/span><\/p>\n<\/p>\n<p><span class=\"text1noticias\">La propuesta de Guillermo Araujo radica en un viaje que nace en Altos de Chav\u00f3n, Rep\u00fablica Dominicana. Tanto los primeros dibujos como los primeros cuadernos de viaje nacen all\u00ed. De estos cuadernos de viaje se nutre directamente la elaboraci\u00f3n de las Postales,  as\u00ed como el uso del tape y su aplicaci\u00f3n t\u00e9cnica como lenguaje est\u00e9tico. ?Postales de viaje? es fruto de este viaje vital conformado de colores, paisajes, amigos\/as, y de todo el mundo que coincide en los momentos y realidades de este artista salvadore\u00f1o. <\/span><\/p>\n<\/p>\n<p><span class=\"text1noticias\">La Instalaci\u00f3n se acompa\u00f1ar\u00e1 del performance ?La Espera? de la artista salvadore\u00f1a Paola Lorenzana.<\/span><\/p>\n<p><span class=\"text1noticias\"> <\/span><\/p>\n<p><span class=\"text1noticias\">Por \u00faltimo, la muestra experimental de Citlally Miranda consiste en reunir t\u00e9cnicas de expresi\u00f3n art\u00edstica y multimedia, proponiendo redise\u00f1os y mutaciones de lo natural con a\u00f1adidos artificiales inspirados en una est\u00e9tica y en un concepto sint\u00c9tico. La artista busca una reflexi\u00f3n en cuanto a la biotecnolog\u00eda y la vida sint\u00e9tica, pregunt\u00e1ndose si existen l\u00edmites \u00e9ticos para cambiar lo natural. A trav\u00e9s del arte concilia su pensamiento art\u00edstico con el fin de explicar cuestiones cient\u00edficas muy cercanas que ya hoy replantean continuamente nuestros c\u00f3digos \u00e9ticos m\u00e1s consolidados.<\/span><\/p>\n<h6> 2009-05-13 21:18:11 <\/h6>\n<p><!--\n<link rel=\"stylesheet\" href=\"css\/bootstrap.min.css\">\n\n\n<ul class=\"pagination\">\n\t    \n\t\n\n<li >\n\t<a href='?page_no=21708'>Previous<\/a>\n\t<\/li>\n\n\n       \n    \n\n<li><a href='?page_no=1'>1<\/a><\/li>\n\n\n\n<li><a href='?page_no=2'>2<\/a><\/li>\n\n\n\n<li><a>...<\/a><\/li>\n\n\n\n<li><a href='?page_no=21707'>21707<\/a><\/li>\n\n\n\n<li><a href='?page_no=21708'>21708<\/a><\/li>\n\n\n\n<li class='active'><a>21709<\/a><\/li>\n\n\n\n<li><a href='?page_no=21710'>21710<\/a><\/li>\n\n\n\n<li><a href='?page_no=21711'>21711<\/a><\/li>\n\n\n\n<li><a>...<\/a><\/li>\n\n\n\n<li><a href='?page_no=22911'>22911<\/a><\/li>\n\n\n\n<li><a href='?page_no=22912'>22912<\/a><\/li>\n\n    \n\t\n\n<li >\n\t<a href='?page_no=21710'>Next<\/a>\n\t<\/li>\n\n\n    \n\n<li><a href='?page_no=22912'>Last &rsaquo;&rsaquo;<\/a><\/li>\n\n<\/ul>\n\n\n--><br \/>\n<\/body><\/p>\n","protected":false},"excerpt":{"rendered":"<p>El Centro Cultural de Espa\u00f1a inicia su programaci\u00f3n Mayo ? Junio con las exposiciones de tres J\u00f3venes Artistas: dos nacionales, Edward Severino ?Graphibachiart? y Citlally Miranda ?sint\u00c9tica? y uno internacional, Guillermo Araujo ?Postales de viaje?. Desde el CCE tenemos el honor de invitarle a las inauguraciones de sus exposiciones. Viernes 15 de Mayo 7.30 pm [&hellip;]<\/p>\n","protected":false},"author":3,"featured_media":0,"comment_status":"open","ping_status":"open","sticky":false,"template":"","format":"standard","meta":{"footnotes":""},"categories":[21],"tags":[],"class_list":["post-70031","post","type-post","status-publish","format-standard","hentry","category-cultura"],"_links":{"self":[{"href":"https:\/\/diariodominicano.com\/index.php?rest_route=\/wp\/v2\/posts\/70031","targetHints":{"allow":["GET"]}}],"collection":[{"href":"https:\/\/diariodominicano.com\/index.php?rest_route=\/wp\/v2\/posts"}],"about":[{"href":"https:\/\/diariodominicano.com\/index.php?rest_route=\/wp\/v2\/types\/post"}],"author":[{"embeddable":true,"href":"https:\/\/diariodominicano.com\/index.php?rest_route=\/wp\/v2\/users\/3"}],"replies":[{"embeddable":true,"href":"https:\/\/diariodominicano.com\/index.php?rest_route=%2Fwp%2Fv2%2Fcomments&post=70031"}],"version-history":[{"count":0,"href":"https:\/\/diariodominicano.com\/index.php?rest_route=\/wp\/v2\/posts\/70031\/revisions"}],"wp:attachment":[{"href":"https:\/\/diariodominicano.com\/index.php?rest_route=%2Fwp%2Fv2%2Fmedia&parent=70031"}],"wp:term":[{"taxonomy":"category","embeddable":true,"href":"https:\/\/diariodominicano.com\/index.php?rest_route=%2Fwp%2Fv2%2Fcategories&post=70031"},{"taxonomy":"post_tag","embeddable":true,"href":"https:\/\/diariodominicano.com\/index.php?rest_route=%2Fwp%2Fv2%2Ftags&post=70031"}],"curies":[{"name":"wp","href":"https:\/\/api.w.org\/{rel}","templated":true}]}}