{"id":70029,"date":"2009-05-14T13:52:38","date_gmt":"2009-05-14T13:52:38","guid":{"rendered":"http:\/\/diariodominicano.ddns.net\/?p=70029"},"modified":"2009-05-14T13:52:38","modified_gmt":"2009-05-14T13:52:38","slug":"ceremonia-breve-intima-y-humilde-para-despedir-a-antonio-vega","status":"publish","type":"post","link":"https:\/\/diariodominicano.com\/?p=70029","title":{"rendered":"Ceremonia breve, \u00edntima y humilde para despedir a Antonio Vega"},"content":{"rendered":"<p><body><\/p>\n<p><img decoding=\"async\" src=\"http:\/\/localhost:8080\/img3\/ceremo.jpg\" \/>  <\/p>\n<p><span class=\"text1noticias\">Una plaza del madrile\u00f1o barrio de Malasa\u00f1a llevar\u00e1 el nombre del m\u00fasico fallecido el martes <\/span><\/p>\n<p><span class=\"text1noticias\">AGENCIAS &#8211; Madrid &#8211; 14\/05\/2009 <\/span><\/p>\n<p><span class=\"text1noticias\"> <\/span><\/p>\n<p><span class=\"text1noticias\">Familiares y amigos despidieron hoy a Antonio Vega en el cementerio de La Almudena de Madrid, donde sus restos mortales fueron incinerados. Alrededor de un centenar de personas, entre ellas una decena de fans y seguidores del m\u00fasico madrile\u00f1o, quisieron dar el \u00faltimo adi\u00f3s al cantante y compositor, que falleci\u00f3 el pasado martes a los 51 a\u00f1os de edad. El coche f\u00fanebre sali\u00f3 de la sede madrile\u00f1a de la Sociedad General de Autores y Editores (SGAE), de la que era socio desde 1980, y en la que se hab\u00eda instalado la capilla ardiente desde las 13.00 horas de ayer. A su llegada al cementerio, el veh\u00edculo iba precedido de otros tres coches que portaban ramos de flores y m\u00e1s de una veintena de coronas.<\/span><\/p>\n<\/p>\n<p><span class=\"text1noticias\">La ceremonia fue breve, \u00edntima y humilde, en la capilla del cementerio y comenz\u00f3 unos minutos antes de la hora prevista (11.30) con un peque\u00f1o responso. Algunas personas no pudieron acceder a la peque\u00f1a capilla del cementerio madrile\u00f1o y tuvieron que seguir la ceremonia a las puertas. A la salida, sobre las 12.00 horas, en medio del silencio y el respeto a los familiares, los asistentes dieron sus condolencias a la familia de Antonio Vega, y dedicaron muestras de cari\u00f1o y abrazos a sus m\u00e1s allegaos.<\/span><\/p>\n<\/p>\n<p><span class=\"text1noticias\">30 a\u00f1os en escena<\/span><\/p>\n<p><span class=\"text1noticias\">Antonio Vega (Madrid, 1957-2009) falleci\u00f3 el d\u00eda 12 de mayo a los 51 a\u00f1os de edad a causa de un c\u00e1ncer de pulm\u00f3n. En su largo curr\u00edculum de canciones deja tras de as\u00ed temas como &#8216;La chica de ayer&#8217; o &#8216;Se dejaba llevar&#8217;. En sus m\u00e1s de 30 a\u00f1os sobre los escenarios public\u00f3 18 \u00e1lbumes, nueve de ellos en solitario. Alcanz\u00f3 la fama con Nacha Pop, grupo que fund\u00f3 en 1978 junto a su primo Nacho Garc\u00eda Vega.<\/span><\/p>\n<\/p>\n<p><span class=\"text1noticias\">La SGAE habilitaba ayer un blog en su p\u00e1gina web para que los ciudadanos puedan dejar sus condolencias y mensajes por la muerte de Antonio Vega, a quien se rendir\u00e1 tributo con el disco m\u00e1s DVD &#8216;Antonio Vega. Canciones 1980-2009&#8217;, que saldr\u00e1 a la venta ma\u00f1ana.<\/span><\/p>\n<p><span class=\"text1noticias\">Una plaza en Malasa\u00f1a<\/span><\/p>\n<\/p>\n<p><span class=\"text1noticias\">Una plaza del barrio de Malasa\u00f1a, cuna de la \u00abmovida madrile\u00f1a\u00bb, llevar\u00e1 el nombre de Antonio Vega como homenaje del Ayuntamiento de la ciudad a este m\u00fasico. El alcalde, Alberto Ruiz-Gallard\u00f3n, ha informado en rueda de prensa tras la reuni\u00f3n semanal de su Gobierno, de que los tres grupos municipales -PP, PSOE e IU- plantearan un acuerdo conjunto en ese sentido en el Pleno del Ayuntamiento del pr\u00f3ximo jueves. La plaza que llevar\u00e1 el nombre de Antonio Vega es un peque\u00f1o espacio sin denominaci\u00f3n en la confluencia de las calles de Corredera Alta de San Pablo, Velarde y Fuencarral, frente al n\u00famero 93 de esta \u00faltima calle, a 50 metros del bar Penta, citado en su c\u00e9lebre canci\u00f3n La chica de ayer.<\/span><\/p>\n<h6> 2009-05-14 13:52:38 <\/h6>\n<p><!--\n<link rel=\"stylesheet\" href=\"css\/bootstrap.min.css\">\n\n\n<ul class=\"pagination\">\n\t    \n\t\n\n<li >\n\t<a href='?page_no=21706'>Previous<\/a>\n\t<\/li>\n\n\n       \n    \n\n<li><a href='?page_no=1'>1<\/a><\/li>\n\n\n\n<li><a href='?page_no=2'>2<\/a><\/li>\n\n\n\n<li><a>...<\/a><\/li>\n\n\n\n<li><a href='?page_no=21705'>21705<\/a><\/li>\n\n\n\n<li><a href='?page_no=21706'>21706<\/a><\/li>\n\n\n\n<li class='active'><a>21707<\/a><\/li>\n\n\n\n<li><a href='?page_no=21708'>21708<\/a><\/li>\n\n\n\n<li><a href='?page_no=21709'>21709<\/a><\/li>\n\n\n\n<li><a>...<\/a><\/li>\n\n\n\n<li><a href='?page_no=22911'>22911<\/a><\/li>\n\n\n\n<li><a href='?page_no=22912'>22912<\/a><\/li>\n\n    \n\t\n\n<li >\n\t<a href='?page_no=21708'>Next<\/a>\n\t<\/li>\n\n\n    \n\n<li><a href='?page_no=22912'>Last &rsaquo;&rsaquo;<\/a><\/li>\n\n<\/ul>\n\n\n--><br \/>\n<\/body><\/p>\n","protected":false},"excerpt":{"rendered":"<p>Una plaza del madrile\u00f1o barrio de Malasa\u00f1a llevar\u00e1 el nombre del m\u00fasico fallecido el martes AGENCIAS &#8211; Madrid &#8211; 14\/05\/2009 Familiares y amigos despidieron hoy a Antonio Vega en el cementerio de La Almudena de Madrid, donde sus restos mortales fueron incinerados. Alrededor de un centenar de personas, entre ellas una decena de fans y [&hellip;]<\/p>\n","protected":false},"author":3,"featured_media":0,"comment_status":"open","ping_status":"open","sticky":false,"template":"","format":"standard","meta":{"footnotes":""},"categories":[21],"tags":[],"class_list":["post-70029","post","type-post","status-publish","format-standard","hentry","category-cultura"],"_links":{"self":[{"href":"https:\/\/diariodominicano.com\/index.php?rest_route=\/wp\/v2\/posts\/70029","targetHints":{"allow":["GET"]}}],"collection":[{"href":"https:\/\/diariodominicano.com\/index.php?rest_route=\/wp\/v2\/posts"}],"about":[{"href":"https:\/\/diariodominicano.com\/index.php?rest_route=\/wp\/v2\/types\/post"}],"author":[{"embeddable":true,"href":"https:\/\/diariodominicano.com\/index.php?rest_route=\/wp\/v2\/users\/3"}],"replies":[{"embeddable":true,"href":"https:\/\/diariodominicano.com\/index.php?rest_route=%2Fwp%2Fv2%2Fcomments&post=70029"}],"version-history":[{"count":0,"href":"https:\/\/diariodominicano.com\/index.php?rest_route=\/wp\/v2\/posts\/70029\/revisions"}],"wp:attachment":[{"href":"https:\/\/diariodominicano.com\/index.php?rest_route=%2Fwp%2Fv2%2Fmedia&parent=70029"}],"wp:term":[{"taxonomy":"category","embeddable":true,"href":"https:\/\/diariodominicano.com\/index.php?rest_route=%2Fwp%2Fv2%2Fcategories&post=70029"},{"taxonomy":"post_tag","embeddable":true,"href":"https:\/\/diariodominicano.com\/index.php?rest_route=%2Fwp%2Fv2%2Ftags&post=70029"}],"curies":[{"name":"wp","href":"https:\/\/api.w.org\/{rel}","templated":true}]}}