{"id":70027,"date":"2009-05-14T14:54:01","date_gmt":"2009-05-14T14:54:01","guid":{"rendered":"http:\/\/diariodominicano.ddns.net\/?p=70027"},"modified":"2009-05-14T14:54:01","modified_gmt":"2009-05-14T14:54:01","slug":"presentan-exposicion-y-subasta-50-rostros-por-la-esperanza","status":"publish","type":"post","link":"https:\/\/diariodominicano.com\/?p=70027","title":{"rendered":"Presentan exposici\u00f3n y subasta ?50 Rostros por la Esperanza?"},"content":{"rendered":"<p><body><\/p>\n<p><img decoding=\"async\" src=\"http:\/\/localhost:8080\/img3\/cara.jpg\" \/>  <\/p>\n<p><span class=\"text1noticias\">Tendr\u00e1 lugar del 17 al 21 de junio en la galer\u00eda de arte ?District &amp; Co?.<\/span><\/p>\n<p><span class=\"text1noticias\"> <\/span><\/p>\n<p><span class=\"text1noticias\">Santo Domingo, Rep\u00fablica Dominicana.- Los productores Mariam Suarez, Alejandro Nunez y Airam Toribio anuncian una exposici\u00f3n \/subasta fotogr\u00e1fica ben\u00e9fica, con los rostros de las cincuenta personalidades m\u00e1s importantes de la m\u00fasica, el arte, moda, prensa, televisi\u00f3n y radio del pa\u00eds, bajo el t\u00edtulo ?50 Rostros por la Esperanza?, a realizarse del 17 al 21 de junio en la galer\u00eda de arte ?District &amp; Co?.<\/span><\/p>\n<p><span class=\"text1noticias\"> <\/span><\/p>\n<p><span class=\"text1noticias\">Los fondos recaudados por la subasta de estas fotograf\u00edas y la entrada de doscientos pesos a la galer\u00eda, ser\u00e1n donados a la Casa Hogar de Ni\u00f1os \u00c1gape, para colaborar en su obra de bien social.<\/span><\/p>\n<p><span class=\"text1noticias\"> <\/span><\/p>\n<p><span class=\"text1noticias\">Entre las personalidades que figuran en esta exposici\u00f3n fotogr\u00e1fica est\u00e1n Juan Lu\u00eds Guerra, Miaralba Ruiz, Pavel N\u00fa\u00f1ez, Belkola, Iamdra Fermin, Pamela Sued, Nashla Bogaert, Evelyn D\u00edaz, Nereyda Castillo, entre otras figuras de primer orden en su rama.<\/span><\/p>\n<p><span class=\"text1noticias\"> <\/span><\/p>\n<p><span class=\"text1noticias\">?Todas las celebridades est\u00e1n prestando sus rostros para recaudar fondos en beneficio de esta instituci\u00f3n que se dedica al cuidado de ni\u00f1os maltratados y nacidos en la c\u00e1rcel de Najayo, explic\u00f3 Mariam Su\u00e1rez, coordinadora de la exposici\u00f3n.<\/span><\/p>\n<p><span class=\"text1noticias\"> <\/span><\/p>\n<p><span class=\"text1noticias\">De su lado Alejandro N\u00fa\u00f1ez, fot\u00f3grafo responsable de retratar a todas estas figuras,  dijo que significa un gran honor poner su talento y trabajo a disposici\u00f3n de una causa tan noble como la que lleva a cabo la Casa Hogar de Ni\u00f1os \u00c1gape.<\/span><\/p>\n<p><span class=\"text1noticias\"> <\/span><\/p>\n<p><span class=\"text1noticias\">?Es maravilloso colaborar con estas iniciativas y poner un granito de arena para que muchos ni\u00f1os encuentren protecci\u00f3n, alimento y sustento por medio de la escuela hogar dirigida por monjas?, indic\u00f3.<\/span><\/p>\n<p><span class=\"text1noticias\"> <\/span><\/p>\n<p><span class=\"text1noticias\">Tanto Alejandro,Airam y Mariam informaron que absolutamente todas las fotos, sin excepci\u00f3n,  ser\u00e1n subastadas, mediante un formulario que el postor debe llenar correctamente, quedando en total privacidad el comprador.<\/span><\/p>\n<p><span class=\"text1noticias\"> <\/span><\/p>\n<p><span class=\"text1noticias\">La exposici\u00f3n ser\u00e1 presentada del 17 al 21 de Junio en la galer\u00eda de arte District &amp; Co, ubicada en la Gustavo Mej\u00eda Ricart con horarios de 5 a 10pm de mi\u00e9rcoles a viernes y de 3pm a 9pm s\u00e1bado y domingo.<\/span><\/p>\n<p><span class=\"text1noticias\"> <\/span><\/p>\n<p><span class=\"text1noticias\">?50 Rostros por la Esperanza?, es una expresi\u00f3n, un sentimiento, una esperanza, en definitiva un deseo gigantesco de dar, ayudar y llevar, con un simple acto, felicidad.<\/span><\/p>\n<h6> 2009-05-14 14:54:01 <\/h6>\n<p><!--\n<link rel=\"stylesheet\" href=\"css\/bootstrap.min.css\">\n\n\n<ul class=\"pagination\">\n\t    \n\t\n\n<li >\n\t<a href='?page_no=21704'>Previous<\/a>\n\t<\/li>\n\n\n       \n    \n\n<li><a href='?page_no=1'>1<\/a><\/li>\n\n\n\n<li><a href='?page_no=2'>2<\/a><\/li>\n\n\n\n<li><a>...<\/a><\/li>\n\n\n\n<li><a href='?page_no=21703'>21703<\/a><\/li>\n\n\n\n<li><a href='?page_no=21704'>21704<\/a><\/li>\n\n\n\n<li class='active'><a>21705<\/a><\/li>\n\n\n\n<li><a href='?page_no=21706'>21706<\/a><\/li>\n\n\n\n<li><a href='?page_no=21707'>21707<\/a><\/li>\n\n\n\n<li><a>...<\/a><\/li>\n\n\n\n<li><a href='?page_no=22911'>22911<\/a><\/li>\n\n\n\n<li><a href='?page_no=22912'>22912<\/a><\/li>\n\n    \n\t\n\n<li >\n\t<a href='?page_no=21706'>Next<\/a>\n\t<\/li>\n\n\n    \n\n<li><a href='?page_no=22912'>Last &rsaquo;&rsaquo;<\/a><\/li>\n\n<\/ul>\n\n\n--><br \/>\n<\/body><\/p>\n","protected":false},"excerpt":{"rendered":"<p>Tendr\u00e1 lugar del 17 al 21 de junio en la galer\u00eda de arte ?District &amp; Co?. Santo Domingo, Rep\u00fablica Dominicana.- Los productores Mariam Suarez, Alejandro Nunez y Airam Toribio anuncian una exposici\u00f3n \/subasta fotogr\u00e1fica ben\u00e9fica, con los rostros de las cincuenta personalidades m\u00e1s importantes de la m\u00fasica, el arte, moda, prensa, televisi\u00f3n y radio del [&hellip;]<\/p>\n","protected":false},"author":3,"featured_media":0,"comment_status":"open","ping_status":"open","sticky":false,"template":"","format":"standard","meta":{"footnotes":""},"categories":[21],"tags":[],"class_list":["post-70027","post","type-post","status-publish","format-standard","hentry","category-cultura"],"_links":{"self":[{"href":"https:\/\/diariodominicano.com\/index.php?rest_route=\/wp\/v2\/posts\/70027","targetHints":{"allow":["GET"]}}],"collection":[{"href":"https:\/\/diariodominicano.com\/index.php?rest_route=\/wp\/v2\/posts"}],"about":[{"href":"https:\/\/diariodominicano.com\/index.php?rest_route=\/wp\/v2\/types\/post"}],"author":[{"embeddable":true,"href":"https:\/\/diariodominicano.com\/index.php?rest_route=\/wp\/v2\/users\/3"}],"replies":[{"embeddable":true,"href":"https:\/\/diariodominicano.com\/index.php?rest_route=%2Fwp%2Fv2%2Fcomments&post=70027"}],"version-history":[{"count":0,"href":"https:\/\/diariodominicano.com\/index.php?rest_route=\/wp\/v2\/posts\/70027\/revisions"}],"wp:attachment":[{"href":"https:\/\/diariodominicano.com\/index.php?rest_route=%2Fwp%2Fv2%2Fmedia&parent=70027"}],"wp:term":[{"taxonomy":"category","embeddable":true,"href":"https:\/\/diariodominicano.com\/index.php?rest_route=%2Fwp%2Fv2%2Fcategories&post=70027"},{"taxonomy":"post_tag","embeddable":true,"href":"https:\/\/diariodominicano.com\/index.php?rest_route=%2Fwp%2Fv2%2Ftags&post=70027"}],"curies":[{"name":"wp","href":"https:\/\/api.w.org\/{rel}","templated":true}]}}