{"id":70026,"date":"2009-05-14T16:48:54","date_gmt":"2009-05-14T16:48:54","guid":{"rendered":"http:\/\/diariodominicano.ddns.net\/?p=70026"},"modified":"2009-05-14T16:48:54","modified_gmt":"2009-05-14T16:48:54","slug":"centro-espanol-patrimonio-cultural-de-santiago","status":"publish","type":"post","link":"https:\/\/diariodominicano.com\/?p=70026","title":{"rendered":"CENTRO ESPANOL PATRIMONIO CULTURAL DE SANTIAGO"},"content":{"rendered":"<p><body><\/p>\n<p><span class=\"text1noticias\">SANTIAGO.- El Centro Espa\u00f1ol, una de las m\u00e1s emblem\u00e1ticas instituciones de Santiago, ser\u00e1 declarado oficialmente este viernes como Patrimonio Cultural de Santiago por parte del Ayuntamiento.<\/span><\/p>\n<\/p>\n<p><span class=\"text1noticias\">La actividad est\u00e1 programada para las 7:00 de la noche en las instalaciones de la entidad, localizadas en la Avenida Hispanoamericana por Canabacoa, informa una nota de la direcci\u00f3n de Comunicaciones y Relaciones P\u00fablicas de la corporaci\u00f3n edilicia.<\/span><\/p>\n<\/p>\n<p><span class=\"text1noticias\">El s\u00edndico Jos\u00e9 Enrique Sued Sem encabezar\u00e1 la entrega del pergamino donde se acreditar\u00e1  al Centro Espa\u00f1ol como Patrimonio Cultural de Santiago por los grandes aportes que ha hecho en esta \u00e1rea a lo largo de varias d\u00e9cadas.<\/span><\/p>\n<\/p>\n<p><span class=\"text1noticias\">Por otro lado, este s\u00e1bado Sued Sem estar\u00e1 entregando una iglesia a la comunidad cat\u00f3lica del barrio Francisco del Rosario S\u00e1nchez, ubicado al norte de la ciudad.<\/span><\/p>\n<\/p>\n<p><span class=\"text1noticias\">La agenda del s\u00edndico para los pr\u00f3ximos d\u00edas tambi\u00e9n incluye un encuentro con estudiantes meritorios de liceos y colegios de Santiago en los salones del Gurabito Country Club.<\/span><\/p>\n<\/p>\n<p><span class=\"text1noticias\">El martes, 26 de mayo, el ejecutivo encabezar\u00e1 la inauguraci\u00f3n del parque Las Rosas, por la Urbanizaci\u00f3n La Terraza, mientras que el 27 de mayo participar\u00e1 en la puesta en circulaci\u00f3n del libro sobre la vida de Rom\u00e1n Franco Fondeur en la Sala Julio Alberto Hern\u00e1ndez, del Gran Teatro del Cibao.<\/span><\/p>\n<\/p>\n<p><span class=\"text1noticias\">Sued mantiene un apretado programa de actividades y aparte de las mencionadas, en los d\u00edas anteriores entreg\u00f3 una vivienda a una humilde familia de Savica y dio el primer picazo para dejar iniciados los trabajos de construcci\u00f3n de un parque infantil en San Lorenzo, de Cienfuegos.<\/span><\/p>\n<\/p>\n<p><span class=\"text1noticias\">Tambi\u00e9n encabez\u00f3 la designaci\u00f3n de la avenida Rep\u00fablica de Brasil, con la presencia del embajador de este pa\u00eds en Rep\u00fablica Dominicana. Otra actividad donde particip\u00f3 fue en la declaratoria del empresario Rub\u00e9n Reynoso como Hijo Adoptivo de Santiago y en la entrega  de la segunda etapa de los trabajos de saneamiento de Arroyo Salado.<\/span><\/p>\n<h6> 2009-05-14 16:48:54 <\/h6>\n<p><!--\n<link rel=\"stylesheet\" href=\"css\/bootstrap.min.css\">\n\n\n<ul class=\"pagination\">\n\t    \n\t\n\n<li >\n\t<a href='?page_no=21703'>Previous<\/a>\n\t<\/li>\n\n\n       \n    \n\n<li><a href='?page_no=1'>1<\/a><\/li>\n\n\n\n<li><a href='?page_no=2'>2<\/a><\/li>\n\n\n\n<li><a>...<\/a><\/li>\n\n\n\n<li><a href='?page_no=21702'>21702<\/a><\/li>\n\n\n\n<li><a href='?page_no=21703'>21703<\/a><\/li>\n\n\n\n<li class='active'><a>21704<\/a><\/li>\n\n\n\n<li><a href='?page_no=21705'>21705<\/a><\/li>\n\n\n\n<li><a href='?page_no=21706'>21706<\/a><\/li>\n\n\n\n<li><a>...<\/a><\/li>\n\n\n\n<li><a href='?page_no=22911'>22911<\/a><\/li>\n\n\n\n<li><a href='?page_no=22912'>22912<\/a><\/li>\n\n    \n\t\n\n<li >\n\t<a href='?page_no=21705'>Next<\/a>\n\t<\/li>\n\n\n    \n\n<li><a href='?page_no=22912'>Last &rsaquo;&rsaquo;<\/a><\/li>\n\n<\/ul>\n\n\n--><br \/>\n<\/body><\/p>\n","protected":false},"excerpt":{"rendered":"<p>SANTIAGO.- El Centro Espa\u00f1ol, una de las m\u00e1s emblem\u00e1ticas instituciones de Santiago, ser\u00e1 declarado oficialmente este viernes como Patrimonio Cultural de Santiago por parte del Ayuntamiento. La actividad est\u00e1 programada para las 7:00 de la noche en las instalaciones de la entidad, localizadas en la Avenida Hispanoamericana por Canabacoa, informa una nota de la direcci\u00f3n [&hellip;]<\/p>\n","protected":false},"author":3,"featured_media":0,"comment_status":"open","ping_status":"open","sticky":false,"template":"","format":"standard","meta":{"footnotes":""},"categories":[21],"tags":[],"class_list":["post-70026","post","type-post","status-publish","format-standard","hentry","category-cultura"],"_links":{"self":[{"href":"https:\/\/diariodominicano.com\/index.php?rest_route=\/wp\/v2\/posts\/70026","targetHints":{"allow":["GET"]}}],"collection":[{"href":"https:\/\/diariodominicano.com\/index.php?rest_route=\/wp\/v2\/posts"}],"about":[{"href":"https:\/\/diariodominicano.com\/index.php?rest_route=\/wp\/v2\/types\/post"}],"author":[{"embeddable":true,"href":"https:\/\/diariodominicano.com\/index.php?rest_route=\/wp\/v2\/users\/3"}],"replies":[{"embeddable":true,"href":"https:\/\/diariodominicano.com\/index.php?rest_route=%2Fwp%2Fv2%2Fcomments&post=70026"}],"version-history":[{"count":0,"href":"https:\/\/diariodominicano.com\/index.php?rest_route=\/wp\/v2\/posts\/70026\/revisions"}],"wp:attachment":[{"href":"https:\/\/diariodominicano.com\/index.php?rest_route=%2Fwp%2Fv2%2Fmedia&parent=70026"}],"wp:term":[{"taxonomy":"category","embeddable":true,"href":"https:\/\/diariodominicano.com\/index.php?rest_route=%2Fwp%2Fv2%2Fcategories&post=70026"},{"taxonomy":"post_tag","embeddable":true,"href":"https:\/\/diariodominicano.com\/index.php?rest_route=%2Fwp%2Fv2%2Ftags&post=70026"}],"curies":[{"name":"wp","href":"https:\/\/api.w.org\/{rel}","templated":true}]}}