{"id":70025,"date":"2009-05-14T19:54:30","date_gmt":"2009-05-14T19:54:30","guid":{"rendered":"http:\/\/diariodominicano.ddns.net\/?p=70025"},"modified":"2009-05-14T19:54:30","modified_gmt":"2009-05-14T19:54:30","slug":"centro-cultural-narciso-gonzales-presenta-obra-the-bluest-eye","status":"publish","type":"post","link":"https:\/\/diariodominicano.com\/?p=70025","title":{"rendered":"Centro Cultural Narciso Gonz\u00e1les presenta Obra ?The Bluest Eye?"},"content":{"rendered":"<p><body><\/p>\n<p><span class=\"text1noticias\">En el Teatro Monina Sol\u00e1 del Centro Cultura Narciso Gonz\u00e1lez ser\u00e1 presentada la obra ?The Bluest Eye? (El ojo m\u00e1s azul), interpretada por el grupo de teatro de la Universidad de Howard.  La obra ser\u00e1 exhibida este viernes 15 de mayo a las 7:00 de la noche y la entrada es gratis para el p\u00fablico en general.<\/span><\/p>\n<p><span class=\"text1noticias\"> <\/span><\/p>\n<p><span class=\"text1noticias\">La obra de Lydia Diamond, es una adaptaci\u00f3n de la novela redactada por Toni Morrison, escritora norteamericana  ganadora del premio Nobel de Literatura en 1993, que se desarrolla en el estado de Ohio para el a\u00f1o 1940 y trata de una joven de raza negra a quien le gustar\u00eda tener los ojos azules para sentirse aceptada por el circulo social que la rodea. <\/span><\/p>\n<p><span class=\"text1noticias\"> <\/span><\/p>\n<p><span class=\"text1noticias\">Tamera Izlar, director de la trama, explic\u00f3 que con ?The Bluest Eye? se quiere dar a conocer los efectos asociados por la soledad y el rechazo hacia los distintos grupos sociales y econ\u00f3micos de una comunidad. ?M\u00e1s que un comentario sobre el racismo externo, presenta las devastadoras consecuencias de la discriminaci\u00f3n interna, que a lo mejor es m\u00e1s da\u00f1ina?, destac\u00f3.<\/span><\/p>\n<p><span class=\"text1noticias\"> <\/span><\/p>\n<p><span class=\"text1noticias\">Tambi\u00e9n en la obra se enfatizan preguntas acerca de la aceptaci\u00f3n individual, belleza, familia, comunidad, amistad, econom\u00eda e identidad cultural. <\/span><\/p>\n<p><span class=\"text1noticias\"> <\/span><\/p>\n<p><span class=\"text1noticias\">En escena estar\u00e1n alrededor de veinte actores y la producci\u00f3n cuenta con la colaboraci\u00f3n de expertos en danza, m\u00fasica, actuaci\u00f3n y m\u00edmica, lo que le proporciona mayor dimensi\u00f3n a los elementos que cuentan la historia.<\/span><\/p>\n<h6> 2009-05-14 19:54:30 <\/h6>\n<p><!--\n<link rel=\"stylesheet\" href=\"css\/bootstrap.min.css\">\n\n\n<ul class=\"pagination\">\n\t    \n\t\n\n<li >\n\t<a href='?page_no=21702'>Previous<\/a>\n\t<\/li>\n\n\n       \n    \n\n<li><a href='?page_no=1'>1<\/a><\/li>\n\n\n\n<li><a href='?page_no=2'>2<\/a><\/li>\n\n\n\n<li><a>...<\/a><\/li>\n\n\n\n<li><a href='?page_no=21701'>21701<\/a><\/li>\n\n\n\n<li><a href='?page_no=21702'>21702<\/a><\/li>\n\n\n\n<li class='active'><a>21703<\/a><\/li>\n\n\n\n<li><a href='?page_no=21704'>21704<\/a><\/li>\n\n\n\n<li><a href='?page_no=21705'>21705<\/a><\/li>\n\n\n\n<li><a>...<\/a><\/li>\n\n\n\n<li><a href='?page_no=22911'>22911<\/a><\/li>\n\n\n\n<li><a href='?page_no=22912'>22912<\/a><\/li>\n\n    \n\t\n\n<li >\n\t<a href='?page_no=21704'>Next<\/a>\n\t<\/li>\n\n\n    \n\n<li><a href='?page_no=22912'>Last &rsaquo;&rsaquo;<\/a><\/li>\n\n<\/ul>\n\n\n--><br \/>\n<\/body><\/p>\n","protected":false},"excerpt":{"rendered":"<p>En el Teatro Monina Sol\u00e1 del Centro Cultura Narciso Gonz\u00e1lez ser\u00e1 presentada la obra ?The Bluest Eye? (El ojo m\u00e1s azul), interpretada por el grupo de teatro de la Universidad de Howard. La obra ser\u00e1 exhibida este viernes 15 de mayo a las 7:00 de la noche y la entrada es gratis para el p\u00fablico [&hellip;]<\/p>\n","protected":false},"author":3,"featured_media":0,"comment_status":"open","ping_status":"open","sticky":false,"template":"","format":"standard","meta":{"footnotes":""},"categories":[21],"tags":[],"class_list":["post-70025","post","type-post","status-publish","format-standard","hentry","category-cultura"],"_links":{"self":[{"href":"https:\/\/diariodominicano.com\/index.php?rest_route=\/wp\/v2\/posts\/70025","targetHints":{"allow":["GET"]}}],"collection":[{"href":"https:\/\/diariodominicano.com\/index.php?rest_route=\/wp\/v2\/posts"}],"about":[{"href":"https:\/\/diariodominicano.com\/index.php?rest_route=\/wp\/v2\/types\/post"}],"author":[{"embeddable":true,"href":"https:\/\/diariodominicano.com\/index.php?rest_route=\/wp\/v2\/users\/3"}],"replies":[{"embeddable":true,"href":"https:\/\/diariodominicano.com\/index.php?rest_route=%2Fwp%2Fv2%2Fcomments&post=70025"}],"version-history":[{"count":0,"href":"https:\/\/diariodominicano.com\/index.php?rest_route=\/wp\/v2\/posts\/70025\/revisions"}],"wp:attachment":[{"href":"https:\/\/diariodominicano.com\/index.php?rest_route=%2Fwp%2Fv2%2Fmedia&parent=70025"}],"wp:term":[{"taxonomy":"category","embeddable":true,"href":"https:\/\/diariodominicano.com\/index.php?rest_route=%2Fwp%2Fv2%2Fcategories&post=70025"},{"taxonomy":"post_tag","embeddable":true,"href":"https:\/\/diariodominicano.com\/index.php?rest_route=%2Fwp%2Fv2%2Ftags&post=70025"}],"curies":[{"name":"wp","href":"https:\/\/api.w.org\/{rel}","templated":true}]}}