{"id":70024,"date":"2009-05-15T12:47:53","date_gmt":"2009-05-15T12:47:53","guid":{"rendered":"http:\/\/diariodominicano.ddns.net\/?p=70024"},"modified":"2009-05-15T12:47:53","modified_gmt":"2009-05-15T12:47:53","slug":"uasd-otorgara-titulo-de-profesor-honorario-a-narciso-isa-conde","status":"publish","type":"post","link":"https:\/\/diariodominicano.com\/?p=70024","title":{"rendered":"UASD otorgar\u00e1 t\u00edtulo de ?Profesor Honorario? a Narciso Isa Conde"},"content":{"rendered":"<p><body><\/p>\n<p><img decoding=\"async\" src=\"img3\/narcis.jpg\" \/>  <\/p>\n<p><span class=\"text1noticias\">La Universidad Aut\u00f3noma de Santo Domingo (UASD) investir\u00e1 este viernes 15 con el t\u00edtulo de ?Profesor Honorario? de la Facultad de Ciencias Econ\u00f3micas y Sociales, al luchador revolucionario Narciso Isa Conde, por sus aportes al conocimiento de la problem\u00e1tica socioecon\u00f3mica nacional y mundial y su participaci\u00f3n, junto a esa academia, en el proceso de investigaci\u00f3n en el \u00e1rea.  <\/span><\/p>\n<\/p>\n<p><span class=\"text1noticias\">La actividad se realizar\u00e1 en el auditorio Manuel del Cabral de la biblioteca Pedro Mir, a partir de las 4:00 de la tarde, en un acto encabezado por las autoridades universitarias. <\/span><\/p>\n<\/p>\n<p><span class=\"text1noticias\">El Consejo Universitario, presidido por el rector, doctor Franklin Garc\u00eda Ferm\u00edn, mediante la resoluci\u00f3n n\u00famero 108, de fecha 27 de octubre del a\u00f1o 2008, aprob\u00f3 dicho reconocimiento a Isa Conde, quien posee un historial de m\u00e1s de 40 a\u00f1os de lucha en pos de la democracia, la libertad y la justicia social. <\/span><\/p>\n<\/p>\n<p><span class=\"text1noticias\">Esa resoluci\u00f3n fue aprobada por una solicitud hecha por la Facultad de Econom\u00eda, producto de una petici\u00f3n de un grupo de intelectuales de que se les reconocieran sus aportes al pol\u00edtico dominicano de izquierda, quienes son: Hugo Tolentino Dipp, Marcio Veloz Maggiolo, Jes\u00fas de la Rosa, Mario Bonnetti, Luis G\u00f3mez P\u00e9rez, C\u00e9sar P\u00e9rez, Osvaldo Marte Dur\u00e1n. <\/span><\/p>\n<\/p>\n<p><span class=\"text1noticias\">Tambi\u00e9n, Milciades D\u00edaz Santil, Celedonio Jim\u00e9nez, Teresa Espaillat, Jottin Cury, Andr\u00e9s L. Mateo, Luis Scheker Ortiz, Tony Raful, Jos\u00e9 Antinoe Fiallo, Jes\u00fas Teller\u00edas, Guillermo Garc\u00eda Lorenzo, Carlos Sangiovanni, Faustino Collado y Josefina Z\u00e1iter.  <\/span><\/p>\n<\/p>\n<p><span class=\"text1noticias\">Isa Conde naci\u00f3 en San Francisco de Macor\u00eds y est\u00e1 casado con la luchadora revolucionaria y feminista, Lourdes Contreras, con quien procre\u00f3 tres hijos: Pavel Ernesto, Narciso Rafael y Ricardo Isa Contreras. <\/span><\/p>\n<p><span class=\"text1noticias\"> <\/span><\/p>\n<p><span class=\"text1noticias\">Durante su adolescencia luch\u00f3 contra la tiran\u00eda trujillista y para conquistar la autonom\u00eda y fuero de la UASD, luego fue dirigente de la Federaci\u00f3n de Estudiantes Dominicanos, FED, del grupo estudiantil Fraguas y co-director del peri\u00f3dico del mismo nombre.  Curs\u00f3 estudios de medicina hasta el quinto grado, siendo Monitor, cuando fue expulsado de la universidad estatal en 1964. <\/span><\/p>\n<\/p>\n<p><span class=\"text1noticias\">Milit\u00f3 en el Partido Comunista Dominicano -1962 a 1996-, del cual fue secretario general y colaborador de sus principales publicaciones: El Popular y Hablan los Comunistas.  Particip\u00f3 en la Revoluci\u00f3n de Abril y en la Guerra Patria de 1965, en el comando pol\u00edtico de la revoluci\u00f3n, coordinador por el coronel Francisco Alberto Caama\u00f1o De\u00f1\u00f3. <\/span><\/p>\n<\/p>\n<p><span class=\"text1noticias\">Ha sufrido encarcelamientos, persecuciones, clandestinidad y exilio por sus ideas. Ha sido conferencista invitado en seminarios internacionales de car\u00e1cter ideol\u00f3gico y pol\u00edtico. Dirige y conduce el programa televisivo Tiro al Blanco, en Tele Radio Am\u00e9rica. <\/span><\/p>\n<\/p>\n<p><span class=\"text1noticias\">Es autor de las obras ?Comunismo vs Socialdemocracia?, ?Rearmando la Utop\u00eda?, ?Los Halcones Atacan?, ?Para qu\u00e9 Abril tenga Futuro?, ?Inseparablemente Juntos?, Versos Heroicos?, ?En el Siglo XXl: \u00bfCu\u00e1l Democracia? \u00bfCu\u00e1l Socialismo?? ?Hacia la Nueva Democracia el Nuevo Socialismo?, ?Actualidad del Tr\u00e1nsito hacia el Nuevo Socialismo? y Kava Maidanik: Humanidad sin L\u00edmites Herej\u00edas Revolucinarias?. <\/span><\/p>\n<p><span class=\"text1noticias\">      <\/span><\/p>\n<p><span class=\"text1noticias\">Ha sido columnista de los diarios dominicanos: El Nacional y Hoy, y colabor\u00f3 con la revista \u00a1Ahora! Y el List\u00edn Diario.  En la actualidad es miembro de la Presidencia Colectiva de la Coordinadora Continental Bolivariana (CCB) y dirigente de la Nueva Izquierda (C\u00edrculos Caama\u00f1istas). <\/span><\/p>\n<\/p>\n<h6> 2009-05-15 12:47:53 <\/h6>\n<p><!--\n<link rel=\"stylesheet\" href=\"css\/bootstrap.min.css\">\n\n\n<ul class=\"pagination\">\n\t    \n\t\n\n<li >\n\t<a href='?page_no=21701'>Previous<\/a>\n\t<\/li>\n\n\n       \n    \n\n<li><a href='?page_no=1'>1<\/a><\/li>\n\n\n\n<li><a href='?page_no=2'>2<\/a><\/li>\n\n\n\n<li><a>...<\/a><\/li>\n\n\n\n<li><a href='?page_no=21700'>21700<\/a><\/li>\n\n\n\n<li><a href='?page_no=21701'>21701<\/a><\/li>\n\n\n\n<li class='active'><a>21702<\/a><\/li>\n\n\n\n<li><a href='?page_no=21703'>21703<\/a><\/li>\n\n\n\n<li><a href='?page_no=21704'>21704<\/a><\/li>\n\n\n\n<li><a>...<\/a><\/li>\n\n\n\n<li><a href='?page_no=22911'>22911<\/a><\/li>\n\n\n\n<li><a href='?page_no=22912'>22912<\/a><\/li>\n\n    \n\t\n\n<li >\n\t<a href='?page_no=21703'>Next<\/a>\n\t<\/li>\n\n\n    \n\n<li><a href='?page_no=22912'>Last &rsaquo;&rsaquo;<\/a><\/li>\n\n<\/ul>\n\n\n--><br \/>\n<\/body><\/p>\n","protected":false},"excerpt":{"rendered":"<p>La Universidad Aut\u00f3noma de Santo Domingo (UASD) investir\u00e1 este viernes 15 con el t\u00edtulo de ?Profesor Honorario? de la Facultad de Ciencias Econ\u00f3micas y Sociales, al luchador revolucionario Narciso Isa Conde, por sus aportes al conocimiento de la problem\u00e1tica socioecon\u00f3mica nacional y mundial y su participaci\u00f3n, junto a esa academia, en el proceso de investigaci\u00f3n [&hellip;]<\/p>\n","protected":false},"author":3,"featured_media":0,"comment_status":"open","ping_status":"open","sticky":false,"template":"","format":"standard","meta":{"footnotes":""},"categories":[21],"tags":[],"class_list":["post-70024","post","type-post","status-publish","format-standard","hentry","category-cultura"],"_links":{"self":[{"href":"https:\/\/diariodominicano.com\/index.php?rest_route=\/wp\/v2\/posts\/70024","targetHints":{"allow":["GET"]}}],"collection":[{"href":"https:\/\/diariodominicano.com\/index.php?rest_route=\/wp\/v2\/posts"}],"about":[{"href":"https:\/\/diariodominicano.com\/index.php?rest_route=\/wp\/v2\/types\/post"}],"author":[{"embeddable":true,"href":"https:\/\/diariodominicano.com\/index.php?rest_route=\/wp\/v2\/users\/3"}],"replies":[{"embeddable":true,"href":"https:\/\/diariodominicano.com\/index.php?rest_route=%2Fwp%2Fv2%2Fcomments&post=70024"}],"version-history":[{"count":0,"href":"https:\/\/diariodominicano.com\/index.php?rest_route=\/wp\/v2\/posts\/70024\/revisions"}],"wp:attachment":[{"href":"https:\/\/diariodominicano.com\/index.php?rest_route=%2Fwp%2Fv2%2Fmedia&parent=70024"}],"wp:term":[{"taxonomy":"category","embeddable":true,"href":"https:\/\/diariodominicano.com\/index.php?rest_route=%2Fwp%2Fv2%2Fcategories&post=70024"},{"taxonomy":"post_tag","embeddable":true,"href":"https:\/\/diariodominicano.com\/index.php?rest_route=%2Fwp%2Fv2%2Ftags&post=70024"}],"curies":[{"name":"wp","href":"https:\/\/api.w.org\/{rel}","templated":true}]}}