{"id":70022,"date":"2009-05-15T17:36:18","date_gmt":"2009-05-15T17:36:18","guid":{"rendered":"http:\/\/diariodominicano.ddns.net\/?p=70022"},"modified":"2009-05-15T17:36:18","modified_gmt":"2009-05-15T17:36:18","slug":"disertaran-sobre-bosch","status":"publish","type":"post","link":"https:\/\/diariodominicano.com\/?p=70022","title":{"rendered":"Disertar\u00e1n sobre Bosch"},"content":{"rendered":"<p><body><\/p>\n<p><span class=\"text1noticias\">El Partido de la Liberaci\u00f3n Dominicana (PLD) organiza  este viernes en las  ciudades de Santiago y  La  Vega, sendas conferencias para destacar la vida y obra de su l\u00edder hist\u00f3rico, Profesor Juan Bosch,  en el a\u00f1o del aniversario de su nacimiento.<\/span><\/p>\n<p><span class=\"text1noticias\"> <\/span><\/p>\n<p><span class=\"text1noticias\">Cesar Pina Toribio, miembro del Comit\u00e9 Pol\u00edtico del PLD y coordinador de la Comisi\u00f3n para la Celebraci\u00f3n del Centenario  del Nacimiento  de Bosch,  disertar\u00e1 en el Teatro Regional de Santiago a las siete de la noche.<\/span><\/p>\n<p><span class=\"text1noticias\"> <\/span><\/p>\n<p><span class=\"text1noticias\">La Vida y Obra del intelectual y pol\u00edtico enfocada bajo el ep\u00edgrafe de ?Juan Bosch Siempre?  ser\u00e1 abordada por Pina Toribio   en una actividad granizada por el Comit\u00e9 Provincial del PLD en Santiago que preside Ram\u00f3n Ventura Camejo, miembro del Comit\u00e9 Pol\u00edtico.<\/span><\/p>\n<p><span class=\"text1noticias\"> <\/span><\/p>\n<p><span class=\"text1noticias\">La disertaci\u00f3n de La Vega est\u00e1 a cargo de Ramonita Garc\u00eda, integrante del Comit\u00e9 Central y vice Secretaria de la Mujer del PLD.<\/span><\/p>\n<p><span class=\"text1noticias\"> <\/span><\/p>\n<p><span class=\"text1noticias\">Garc\u00eda hablar\u00e1 de su experiencia al lado del profesor Bosch dando continuidad as\u00ed a los conversatorios organizados por la Secretar\u00eda de la Mujer en el que connotadas dirigentes peledeistas han resaltado  su experiencia al lado del l\u00edder hist\u00f3rico pelede\u00edsta.<\/span><\/p>\n<p><span class=\"text1noticias\"> <\/span><\/p>\n<p><span class=\"text1noticias\">La exposici\u00f3n  de Ramonita Garc\u00eda se realizar\u00e1 en el auditorio de la Cooperativa La Vega Real en el centro de la denominada ciudad ol\u00edmpica a las seis de la tarde.<\/span><\/p>\n<p><span class=\"text1noticias\"> <\/span><\/p>\n<p><span class=\"text1noticias\">Se anuncia en esta actividad la participaci\u00f3n art\u00edstica de Ileana Reynoso. <\/span><\/p>\n<h6> 2009-05-15 17:36:18 <\/h6>\n<p><!--\n<link rel=\"stylesheet\" href=\"css\/bootstrap.min.css\">\n\n\n<ul class=\"pagination\">\n\t    \n\t\n\n<li >\n\t<a href='?page_no=21699'>Previous<\/a>\n\t<\/li>\n\n\n       \n    \n\n<li><a href='?page_no=1'>1<\/a><\/li>\n\n\n\n<li><a href='?page_no=2'>2<\/a><\/li>\n\n\n\n<li><a>...<\/a><\/li>\n\n\n\n<li><a href='?page_no=21698'>21698<\/a><\/li>\n\n\n\n<li><a href='?page_no=21699'>21699<\/a><\/li>\n\n\n\n<li class='active'><a>21700<\/a><\/li>\n\n\n\n<li><a href='?page_no=21701'>21701<\/a><\/li>\n\n\n\n<li><a href='?page_no=21702'>21702<\/a><\/li>\n\n\n\n<li><a>...<\/a><\/li>\n\n\n\n<li><a href='?page_no=22911'>22911<\/a><\/li>\n\n\n\n<li><a href='?page_no=22912'>22912<\/a><\/li>\n\n    \n\t\n\n<li >\n\t<a href='?page_no=21701'>Next<\/a>\n\t<\/li>\n\n\n    \n\n<li><a href='?page_no=22912'>Last &rsaquo;&rsaquo;<\/a><\/li>\n\n<\/ul>\n\n\n--><br \/>\n<\/body><\/p>\n","protected":false},"excerpt":{"rendered":"<p>El Partido de la Liberaci\u00f3n Dominicana (PLD) organiza este viernes en las ciudades de Santiago y La Vega, sendas conferencias para destacar la vida y obra de su l\u00edder hist\u00f3rico, Profesor Juan Bosch, en el a\u00f1o del aniversario de su nacimiento. Cesar Pina Toribio, miembro del Comit\u00e9 Pol\u00edtico del PLD y coordinador de la Comisi\u00f3n [&hellip;]<\/p>\n","protected":false},"author":3,"featured_media":0,"comment_status":"open","ping_status":"open","sticky":false,"template":"","format":"standard","meta":{"footnotes":""},"categories":[21],"tags":[],"class_list":["post-70022","post","type-post","status-publish","format-standard","hentry","category-cultura"],"_links":{"self":[{"href":"https:\/\/diariodominicano.com\/index.php?rest_route=\/wp\/v2\/posts\/70022","targetHints":{"allow":["GET"]}}],"collection":[{"href":"https:\/\/diariodominicano.com\/index.php?rest_route=\/wp\/v2\/posts"}],"about":[{"href":"https:\/\/diariodominicano.com\/index.php?rest_route=\/wp\/v2\/types\/post"}],"author":[{"embeddable":true,"href":"https:\/\/diariodominicano.com\/index.php?rest_route=\/wp\/v2\/users\/3"}],"replies":[{"embeddable":true,"href":"https:\/\/diariodominicano.com\/index.php?rest_route=%2Fwp%2Fv2%2Fcomments&post=70022"}],"version-history":[{"count":0,"href":"https:\/\/diariodominicano.com\/index.php?rest_route=\/wp\/v2\/posts\/70022\/revisions"}],"wp:attachment":[{"href":"https:\/\/diariodominicano.com\/index.php?rest_route=%2Fwp%2Fv2%2Fmedia&parent=70022"}],"wp:term":[{"taxonomy":"category","embeddable":true,"href":"https:\/\/diariodominicano.com\/index.php?rest_route=%2Fwp%2Fv2%2Fcategories&post=70022"},{"taxonomy":"post_tag","embeddable":true,"href":"https:\/\/diariodominicano.com\/index.php?rest_route=%2Fwp%2Fv2%2Ftags&post=70022"}],"curies":[{"name":"wp","href":"https:\/\/api.w.org\/{rel}","templated":true}]}}