{"id":70021,"date":"2009-05-15T21:38:26","date_gmt":"2009-05-15T21:38:26","guid":{"rendered":"http:\/\/diariodominicano.ddns.net\/?p=70021"},"modified":"2009-05-15T21:38:26","modified_gmt":"2009-05-15T21:38:26","slug":"cannesen-la-cinemateca-dominicana","status":"publish","type":"post","link":"https:\/\/diariodominicano.com\/?p=70021","title":{"rendered":"Cannes?en la Cinemateca Dominicana"},"content":{"rendered":"<p><body><\/p>\n<p><span class=\"text1noticias\">La Cinemateca Dominicana te invita a revivir en su sala principal lo mejor de Cannes. Durante dos semanas, el p\u00fablico local podr\u00e1 hacer un recorrido cinematogr\u00e1fico a  trav\u00e9s de algunas de las mejores pel\u00edculas premiadas o incluidas en el festival de cine m\u00e1s prestigioso que existe.<\/span><\/p>\n<\/p>\n<p><span class=\"text1noticias\">La Cinemateca le rinde tributo al Festival de Cine de Cannes con una programaci\u00f3n redonda que ser\u00e1 exhibida todos los d\u00edas (6:30 p.m. y 8:30 p.m.), y que est\u00e1 conformada por pel\u00edculas de Espa\u00f1a, Francia, Brasil, Estados Unidos, Canad\u00e1, Austria, Taiw\u00e1n, Rusia, Rumania, Italia, Ir\u00e1n, Inglaterra, B\u00e9lgica, Holanda, Alemania, China, Israel, Marruecos y M\u00e9xico.<\/span><\/p>\n<\/p>\n<p><span class=\"text1noticias\">La cartelera incluye t\u00edtulos como ?Paranoid Park?, de Gus Van Sant, un verdadero bofet\u00f3n al cine convencional de Hollywood que trata sobre un adolescente aficionado al skateboard que mata accidentalmente a un guardia de seguridad; y ?Underground?, de Emir Kusturica, que aborda la historia de un hombre que esconde de los nazis a su amigo Petar y a un grupo de partisanos en un s\u00f3tano fabricando armas durante 20 a\u00f1os, sin dejarles saber que la guerra termin\u00f3 hace mucho tiempo.<\/span><\/p>\n<\/p>\n<p><span class=\"text1noticias\">Tambi\u00e9n ser\u00e1n presentados los films ?La escafandra y la mariposa?, de Julian Schnabel, ganadora en el 2007 en el regl\u00f3n de mejor direcci\u00f3n; ?Diez?, de Abbas Kiarostami, nominada al Palma de Oro en el a\u00f1o 2002; y ?Millennium Mambo?, de Hou Hsiao-Hsien, nominada al Palma de Oro en el a\u00f1o 2001.<\/span><\/p>\n<\/p>\n<p><span class=\"text1noticias\">Otras de las cintas que incluye el ciclo son: ?P\u00e1rpados azules?, de Ernesto Contreras; ?4 meses, 3 semanas y 2 d\u00edas?, de Cristian Mungiu; ?Mil meses?, de Faouzi Bensa\u00efdi; ?El violinista?, de Chen Kaige; ?El hijo?, de Jean-Pierre y Luc Dardenne; ?El Caim\u00e1n?, de Nanni Moretti; ?Tiempo de vivir?, de Fracois Ozon; ?Bailando en la oscuridad?, de Lars Von Trier; ?Luz silenciosa?, de Carlos Reygadas; entre otras. <\/span><\/p>\n<\/p>\n<p><span class=\"text1noticias\">La programaci\u00f3n abarca, adem\u00e1s, los galardonados documentales del director Michael Moore, ?Bowling for Columbine? y Fahrenheit 9\/11. <\/span><\/p>\n<\/p>\n<p><span class=\"text1noticias\">Con este ciclo, que durar\u00e1 dos semanas, la Cinemateca tiende una vez m\u00e1s un puente hacia el mejor cine del mundo. Las funciones se realizar\u00e1n cada d\u00eda en las tandas de 6:30 y 8:30. Los detalles de la programaci\u00f3n se encuentran en la p\u00e1gina web: www.cinematecadominicana.org<\/span><\/p>\n<\/p>\n<p><span class=\"text1noticias\">Programaci\u00f3n Primera Semana Ciclo de Cine de Cannes<\/span><\/p>\n<\/p>\n<p><span class=\"text1noticias\">Jueves 14 de mayo<\/span><\/p>\n<\/p>\n<p><span class=\"text1noticias\">6:30 p.m. ? Apertura<\/span><\/p>\n<p><span class=\"text1noticias\">Festival en Cannes<\/span><\/p>\n<\/p>\n<p><span class=\"text1noticias\">8:30<\/span><\/p>\n<p><span class=\"text1noticias\">A ciegas<\/span><\/p>\n<p><span class=\"text1noticias\">(Selecci\u00f3n oficial del Festival de Cannes en el 2008)<\/span><\/p>\n<\/p>\n<p><span class=\"text1noticias\">Viernes 15 de Mayo<\/span><\/p>\n<\/p>\n<p><span class=\"text1noticias\">6:30<\/span><\/p>\n<p><span class=\"text1noticias\">Noches P\u00farpura<\/span><\/p>\n<p><span class=\"text1noticias\">(Selecci\u00f3n oficial del Festival de Cannes en el 2007)<\/span><\/p>\n<\/p>\n<p><span class=\"text1noticias\">8:30<\/span><\/p>\n<p><span class=\"text1noticias\">2046 <\/span><\/p>\n<p><span class=\"text1noticias\">(Selecci\u00f3n oficial del Festival de Cannes en el 2004)<\/span><\/p>\n<\/p>\n<p><span class=\"text1noticias\">S\u00e1bado 16 de Mayo<\/span><\/p>\n<\/p>\n<p><span class=\"text1noticias\">6:30<\/span><\/p>\n<p><span class=\"text1noticias\">P\u00e1rpados Azules <\/span><\/p>\n<p><span class=\"text1noticias\">(Selecci\u00f3n oficial del Festival de Cannes en el 2007)<\/span><\/p>\n<\/p>\n<p><span class=\"text1noticias\">8:30<\/span><\/p>\n<p><span class=\"text1noticias\">Paranoid Park <\/span><\/p>\n<p><span class=\"text1noticias\">(Selecci\u00f3n oficial del Festival de Cannes en el 2007)<\/span><\/p>\n<\/p>\n<p><span class=\"text1noticias\"> <\/span><\/p>\n<p><span class=\"text1noticias\">Domingo 17 de Mayo<\/span><\/p>\n<\/p>\n<p><span class=\"text1noticias\">6:30<\/span><\/p>\n<p><span class=\"text1noticias\">Underground <\/span><\/p>\n<p><span class=\"text1noticias\">(Palma de Oro Festival de Cannes 2005)<\/span><\/p>\n<\/p>\n<p><span class=\"text1noticias\">8:30<\/span><\/p>\n<p><span class=\"text1noticias\">4 meses, 3 semanas y 2 d\u00edas <\/span><\/p>\n<p><span class=\"text1noticias\">(Palma de Oro Festival de Cannes 2007)<\/span><\/p>\n<\/p>\n<p><span class=\"text1noticias\">Lunes 18 de Mayo<\/span><\/p>\n<\/p>\n<p><span class=\"text1noticias\">6:30<\/span><\/p>\n<p><span class=\"text1noticias\">Masacre en Columbine <\/span><\/p>\n<p><span class=\"text1noticias\">(Premio Especial del Jurado Festival de Cannes 2002)7:30<\/span><\/p>\n<\/p>\n<p><span class=\"text1noticias\">8:30<\/span><\/p>\n<p><span class=\"text1noticias\">Fahrenheit 9\/11 <\/span><\/p>\n<p><span class=\"text1noticias\">(Palma de Oro Festival de Cannes 2004)<\/span><\/p>\n<\/p>\n<p><span class=\"text1noticias\">Martes 19 de Mayo<\/span><\/p>\n<\/p>\n<p><span class=\"text1noticias\">6:30<\/span><\/p>\n<p><span class=\"text1noticias\">Mil meses <\/span><\/p>\n<p><span class=\"text1noticias\">(Premio Una Cierta Mirada Festival de Cannes 2003)<\/span><\/p>\n<\/p>\n<p><span class=\"text1noticias\">8:30<\/span><\/p>\n<p><span class=\"text1noticias\">Diez<\/span><\/p>\n<p><span class=\"text1noticias\">(Nominada a la Palma de Oro Festival de Cannes 2002)<\/span><\/p>\n<\/p>\n<p><span class=\"text1noticias\">Mi\u00e9rcoles 20 de Mayo<\/span><\/p>\n<\/p>\n<p><span class=\"text1noticias\">6:30<\/span><\/p>\n<p><span class=\"text1noticias\">Millennium Mambo <\/span><\/p>\n<p><span class=\"text1noticias\">(Nominada a la Palma de Oro Festival de Cannes 2001)<\/span><\/p>\n<\/p>\n<p><span class=\"text1noticias\">8:30<\/span><\/p>\n<p><span class=\"text1noticias\">El violinista<\/span><\/p>\n<p><span class=\"text1noticias\">(Selecci\u00f3n oficial del Festival de Cannes en el 2002)<\/span><\/p>\n<\/p>\n<p><span class=\"text1noticias\">Jueves 21 de Mayo<\/span><\/p>\n<\/p>\n<p><span class=\"text1noticias\">6:30<\/span><\/p>\n<p><span class=\"text1noticias\">El viaje de Felicia <\/span><\/p>\n<p><span class=\"text1noticias\">(Nominada a la Palma de Oro Festival de Cannes 1999)<\/span><\/p>\n<\/p>\n<p><span class=\"text1noticias\">8:30<\/span><\/p>\n<p><span class=\"text1noticias\">Todo o nada <\/span><\/p>\n<p><span class=\"text1noticias\">(Selecci\u00f3n oficial del Festival de Cannes en el 2002)<\/span><\/p>\n<h6> 2009-05-15 21:38:26 <\/h6>\n<p><!--\n<link rel=\"stylesheet\" href=\"css\/bootstrap.min.css\">\n\n\n<ul class=\"pagination\">\n\t    \n\t\n\n<li >\n\t<a href='?page_no=21698'>Previous<\/a>\n\t<\/li>\n\n\n       \n    \n\n<li><a href='?page_no=1'>1<\/a><\/li>\n\n\n\n<li><a href='?page_no=2'>2<\/a><\/li>\n\n\n\n<li><a>...<\/a><\/li>\n\n\n\n<li><a href='?page_no=21697'>21697<\/a><\/li>\n\n\n\n<li><a href='?page_no=21698'>21698<\/a><\/li>\n\n\n\n<li class='active'><a>21699<\/a><\/li>\n\n\n\n<li><a href='?page_no=21700'>21700<\/a><\/li>\n\n\n\n<li><a href='?page_no=21701'>21701<\/a><\/li>\n\n\n\n<li><a>...<\/a><\/li>\n\n\n\n<li><a href='?page_no=22911'>22911<\/a><\/li>\n\n\n\n<li><a href='?page_no=22912'>22912<\/a><\/li>\n\n    \n\t\n\n<li >\n\t<a href='?page_no=21700'>Next<\/a>\n\t<\/li>\n\n\n    \n\n<li><a href='?page_no=22912'>Last &rsaquo;&rsaquo;<\/a><\/li>\n\n<\/ul>\n\n\n--><br \/>\n<\/body><\/p>\n","protected":false},"excerpt":{"rendered":"<p>La Cinemateca Dominicana te invita a revivir en su sala principal lo mejor de Cannes. Durante dos semanas, el p\u00fablico local podr\u00e1 hacer un recorrido cinematogr\u00e1fico a trav\u00e9s de algunas de las mejores pel\u00edculas premiadas o incluidas en el festival de cine m\u00e1s prestigioso que existe. La Cinemateca le rinde tributo al Festival de Cine [&hellip;]<\/p>\n","protected":false},"author":3,"featured_media":0,"comment_status":"open","ping_status":"open","sticky":false,"template":"","format":"standard","meta":{"footnotes":""},"categories":[21],"tags":[],"class_list":["post-70021","post","type-post","status-publish","format-standard","hentry","category-cultura"],"_links":{"self":[{"href":"https:\/\/diariodominicano.com\/index.php?rest_route=\/wp\/v2\/posts\/70021","targetHints":{"allow":["GET"]}}],"collection":[{"href":"https:\/\/diariodominicano.com\/index.php?rest_route=\/wp\/v2\/posts"}],"about":[{"href":"https:\/\/diariodominicano.com\/index.php?rest_route=\/wp\/v2\/types\/post"}],"author":[{"embeddable":true,"href":"https:\/\/diariodominicano.com\/index.php?rest_route=\/wp\/v2\/users\/3"}],"replies":[{"embeddable":true,"href":"https:\/\/diariodominicano.com\/index.php?rest_route=%2Fwp%2Fv2%2Fcomments&post=70021"}],"version-history":[{"count":0,"href":"https:\/\/diariodominicano.com\/index.php?rest_route=\/wp\/v2\/posts\/70021\/revisions"}],"wp:attachment":[{"href":"https:\/\/diariodominicano.com\/index.php?rest_route=%2Fwp%2Fv2%2Fmedia&parent=70021"}],"wp:term":[{"taxonomy":"category","embeddable":true,"href":"https:\/\/diariodominicano.com\/index.php?rest_route=%2Fwp%2Fv2%2Fcategories&post=70021"},{"taxonomy":"post_tag","embeddable":true,"href":"https:\/\/diariodominicano.com\/index.php?rest_route=%2Fwp%2Fv2%2Ftags&post=70021"}],"curies":[{"name":"wp","href":"https:\/\/api.w.org\/{rel}","templated":true}]}}