{"id":70020,"date":"2009-05-15T22:20:31","date_gmt":"2009-05-15T22:20:31","guid":{"rendered":"http:\/\/diariodominicano.ddns.net\/?p=70020"},"modified":"2009-05-15T22:20:31","modified_gmt":"2009-05-15T22:20:31","slug":"convocan-a-4ta-edicion-premio-aba-al-merito-en-periodismo-economico-y-financiero","status":"publish","type":"post","link":"https:\/\/diariodominicano.com\/?p=70020","title":{"rendered":"Convocan a 4ta edici\u00f3n Premio ABA al M\u00e9rito en Periodismo Econ\u00f3mico y Financiero"},"content":{"rendered":"<p><body><\/p>\n<p><span class=\"text1noticias\">La Asociaci\u00f3n de Bancos Comerciales de la Rep\u00fablica Dominicana (ABA) y la Pontificia Universidad Cat\u00f3lica Madre y Maestra (PUCMM), convocaron a la cuarta entrega del Premio ABA al M\u00e9rito en Periodismo Econ\u00f3mico y Financiero, con el objetivo de promover la investigaci\u00f3n period\u00edstica en esas \u00e1reas.<\/span><\/p>\n<\/p>\n<p><span class=\"text1noticias\">Este reconocimiento est\u00e1 destinado a comunicadores de prensa escrita dominicanos o residentes en el pa\u00eds por m\u00e1s de tres a\u00f1os, que hayan publicado sus trabajos en medios impresos o digitales de Rep\u00fablica Dominicana, durante el a\u00f1o 2008. <\/span><\/p>\n<\/p>\n<p><span class=\"text1noticias\">Las candidaturas al Premio ABA al M\u00e9rito en Periodismo Econ\u00f3mico y Financiero podr\u00e1n ser tramitadas por los propios participantes o por una instituci\u00f3n que la motive. Como consta en la convocatoria, las mismas deber\u00e1n ser inscritas del 14 de mayo al 14 de junio de 2009, presentando el formulario de postulaci\u00f3n con un m\u00e1ximo de diez trabajos para ser sometidos a consideraci\u00f3n del jurado. <\/span><\/p>\n<\/p>\n<p><span class=\"text1noticias\">Este a\u00f1o el premio, con el auspicio de los bancos BHD, Le\u00f3n, Popular, Progreso y Scotiabank, tiene una dotaci\u00f3n de 300 mil pesos dominicanos. El anuncio del ganador se har\u00e1 en una ceremonia a celebrarse el 9 de julio de 2009. <\/span><\/p>\n<\/p>\n<p><span class=\"text1noticias\">El ganador ser\u00e1 electo por un jurado coordinado por la Pontificia Universidad Cat\u00f3lica Madre y Maestra y compuesto por connotados periodistas y economistas del pa\u00eds. <\/span><\/p>\n<\/p>\n<p><span class=\"text1noticias\">Seg\u00fan consta en las bases del Concurso, esta iniciativa persigue el objetivo de estimular la responsabilidad social de los informadores p\u00fablicos en el manejo de la investigaci\u00f3n social econ\u00f3mica y financiera, as\u00ed como promover los m\u00e1s altos niveles de calidad en el ejercicio del periodismo en esas \u00e1reas. <\/span><\/p>\n<\/p>\n<p><span class=\"text1noticias\">La primera edici\u00f3n del galard\u00f3n fue celebrada en el a\u00f1o 2006 con motivo del d\u00eda del D\u00eda del Periodista.<\/span><\/p>\n<h6> 2009-05-15 22:20:31 <\/h6>\n<p><!--\n<link rel=\"stylesheet\" href=\"css\/bootstrap.min.css\">\n\n\n<ul class=\"pagination\">\n\t    \n\t\n\n<li >\n\t<a href='?page_no=21697'>Previous<\/a>\n\t<\/li>\n\n\n       \n    \n\n<li><a href='?page_no=1'>1<\/a><\/li>\n\n\n\n<li><a href='?page_no=2'>2<\/a><\/li>\n\n\n\n<li><a>...<\/a><\/li>\n\n\n\n<li><a href='?page_no=21696'>21696<\/a><\/li>\n\n\n\n<li><a href='?page_no=21697'>21697<\/a><\/li>\n\n\n\n<li class='active'><a>21698<\/a><\/li>\n\n\n\n<li><a href='?page_no=21699'>21699<\/a><\/li>\n\n\n\n<li><a href='?page_no=21700'>21700<\/a><\/li>\n\n\n\n<li><a>...<\/a><\/li>\n\n\n\n<li><a href='?page_no=22911'>22911<\/a><\/li>\n\n\n\n<li><a href='?page_no=22912'>22912<\/a><\/li>\n\n    \n\t\n\n<li >\n\t<a href='?page_no=21699'>Next<\/a>\n\t<\/li>\n\n\n    \n\n<li><a href='?page_no=22912'>Last &rsaquo;&rsaquo;<\/a><\/li>\n\n<\/ul>\n\n\n--><br \/>\n<\/body><\/p>\n","protected":false},"excerpt":{"rendered":"<p>La Asociaci\u00f3n de Bancos Comerciales de la Rep\u00fablica Dominicana (ABA) y la Pontificia Universidad Cat\u00f3lica Madre y Maestra (PUCMM), convocaron a la cuarta entrega del Premio ABA al M\u00e9rito en Periodismo Econ\u00f3mico y Financiero, con el objetivo de promover la investigaci\u00f3n period\u00edstica en esas \u00e1reas. Este reconocimiento est\u00e1 destinado a comunicadores de prensa escrita dominicanos [&hellip;]<\/p>\n","protected":false},"author":3,"featured_media":0,"comment_status":"open","ping_status":"open","sticky":false,"template":"","format":"standard","meta":{"footnotes":""},"categories":[21],"tags":[],"class_list":["post-70020","post","type-post","status-publish","format-standard","hentry","category-cultura"],"_links":{"self":[{"href":"https:\/\/diariodominicano.com\/index.php?rest_route=\/wp\/v2\/posts\/70020","targetHints":{"allow":["GET"]}}],"collection":[{"href":"https:\/\/diariodominicano.com\/index.php?rest_route=\/wp\/v2\/posts"}],"about":[{"href":"https:\/\/diariodominicano.com\/index.php?rest_route=\/wp\/v2\/types\/post"}],"author":[{"embeddable":true,"href":"https:\/\/diariodominicano.com\/index.php?rest_route=\/wp\/v2\/users\/3"}],"replies":[{"embeddable":true,"href":"https:\/\/diariodominicano.com\/index.php?rest_route=%2Fwp%2Fv2%2Fcomments&post=70020"}],"version-history":[{"count":0,"href":"https:\/\/diariodominicano.com\/index.php?rest_route=\/wp\/v2\/posts\/70020\/revisions"}],"wp:attachment":[{"href":"https:\/\/diariodominicano.com\/index.php?rest_route=%2Fwp%2Fv2%2Fmedia&parent=70020"}],"wp:term":[{"taxonomy":"category","embeddable":true,"href":"https:\/\/diariodominicano.com\/index.php?rest_route=%2Fwp%2Fv2%2Fcategories&post=70020"},{"taxonomy":"post_tag","embeddable":true,"href":"https:\/\/diariodominicano.com\/index.php?rest_route=%2Fwp%2Fv2%2Ftags&post=70020"}],"curies":[{"name":"wp","href":"https:\/\/api.w.org\/{rel}","templated":true}]}}