{"id":70019,"date":"2009-05-21T12:19:07","date_gmt":"2009-05-21T12:19:07","guid":{"rendered":"http:\/\/diariodominicano.ddns.net\/?p=70019"},"modified":"2009-05-21T12:19:07","modified_gmt":"2009-05-21T12:19:07","slug":"designer-pacas-4-disenadores-de-moda-4-pacas-de-ropa","status":"publish","type":"post","link":"https:\/\/diariodominicano.com\/?p=70019","title":{"rendered":"?DESIGNER PACAS?  4 Dise\u00f1adores de moda  4 Pacas de ropa:"},"content":{"rendered":"<p><body><\/p>\n<p><img decoding=\"async\" src=\"http:\/\/localhost:8080\/img3\/diseno.jpg\" \/>  <\/p>\n<p><span class=\"text1noticias\">Guti\u00e9rrez Marcano, Roberto Calasanz, Luisa Adolfina Cuevas, Marite Cabrera <\/span><\/p>\n<p><span class=\"text1noticias\">Viernes 22 de Mayo 7:30 p.m.<\/span><\/p>\n<\/p>\n<p><span class=\"text1noticias\">Tenemos el honor de invitarle a la pr\u00f3xima inauguraci\u00f3n que presentar\u00e1 el Centro Cultural de Espa\u00f1a, es un proyecto de la Revista Lengua, la cual mezcla la moda y el arte como forma de expresi\u00f3n. <\/span><\/p>\n<p><span class=\"text1noticias\">Consiste en una exposici\u00f3n de cuatro pacas de ropa elaboradas por cuatro dise\u00f1adores de moda locales, enfoc\u00e1ndose en la ropa y accesorios de segunda mano, explorando nuestra relaci\u00f3n con los mismos; mientras cuestionan la noci\u00f3n del espacio organizacional de las prendas y el uso reiterativo de las mismas en la actual  recesi\u00f3n econ\u00f3mica. <\/span><\/p>\n<\/p>\n<p><span class=\"text1noticias\">La Revista Lengua es un proyecto editorial con caracter\u00edsticas experimentales que aborda temas de cine, m\u00fasica, artes, literatura, dise\u00f1o grafico, multimedia y moda. Lengua es un esfuerzo conjunto en el que colaboran talentosos artistas y escritores dominicanos, convirti\u00e9ndola en el foro impreso m\u00e1s grande de nuestro pa\u00eds, documentando y analizando temas determinantes en la actualidad cultural dominicana.<\/span><\/p>\n<\/p>\n<p><span class=\"text1noticias\">Video-artes  T\u00f3mas Pichardo \/ Emil Rivera<\/span><\/p>\n<p><span class=\"text1noticias\">Fotograf\u00edas &#8211; Zoilo Pimentel<\/span><\/p>\n<h6> 2009-05-21 12:19:07 <\/h6>\n<p><!--\n<link rel=\"stylesheet\" href=\"css\/bootstrap.min.css\">\n\n\n<ul class=\"pagination\">\n\t    \n\t\n\n<li >\n\t<a href='?page_no=21696'>Previous<\/a>\n\t<\/li>\n\n\n       \n    \n\n<li><a href='?page_no=1'>1<\/a><\/li>\n\n\n\n<li><a href='?page_no=2'>2<\/a><\/li>\n\n\n\n<li><a>...<\/a><\/li>\n\n\n\n<li><a href='?page_no=21695'>21695<\/a><\/li>\n\n\n\n<li><a href='?page_no=21696'>21696<\/a><\/li>\n\n\n\n<li class='active'><a>21697<\/a><\/li>\n\n\n\n<li><a href='?page_no=21698'>21698<\/a><\/li>\n\n\n\n<li><a href='?page_no=21699'>21699<\/a><\/li>\n\n\n\n<li><a>...<\/a><\/li>\n\n\n\n<li><a href='?page_no=22911'>22911<\/a><\/li>\n\n\n\n<li><a href='?page_no=22912'>22912<\/a><\/li>\n\n    \n\t\n\n<li >\n\t<a href='?page_no=21698'>Next<\/a>\n\t<\/li>\n\n\n    \n\n<li><a href='?page_no=22912'>Last &rsaquo;&rsaquo;<\/a><\/li>\n\n<\/ul>\n\n\n--><br \/>\n<\/body><\/p>\n","protected":false},"excerpt":{"rendered":"<p>Guti\u00e9rrez Marcano, Roberto Calasanz, Luisa Adolfina Cuevas, Marite Cabrera Viernes 22 de Mayo 7:30 p.m. Tenemos el honor de invitarle a la pr\u00f3xima inauguraci\u00f3n que presentar\u00e1 el Centro Cultural de Espa\u00f1a, es un proyecto de la Revista Lengua, la cual mezcla la moda y el arte como forma de expresi\u00f3n. Consiste en una exposici\u00f3n de [&hellip;]<\/p>\n","protected":false},"author":3,"featured_media":0,"comment_status":"open","ping_status":"open","sticky":false,"template":"","format":"standard","meta":{"footnotes":""},"categories":[21],"tags":[],"class_list":["post-70019","post","type-post","status-publish","format-standard","hentry","category-cultura"],"_links":{"self":[{"href":"https:\/\/diariodominicano.com\/index.php?rest_route=\/wp\/v2\/posts\/70019","targetHints":{"allow":["GET"]}}],"collection":[{"href":"https:\/\/diariodominicano.com\/index.php?rest_route=\/wp\/v2\/posts"}],"about":[{"href":"https:\/\/diariodominicano.com\/index.php?rest_route=\/wp\/v2\/types\/post"}],"author":[{"embeddable":true,"href":"https:\/\/diariodominicano.com\/index.php?rest_route=\/wp\/v2\/users\/3"}],"replies":[{"embeddable":true,"href":"https:\/\/diariodominicano.com\/index.php?rest_route=%2Fwp%2Fv2%2Fcomments&post=70019"}],"version-history":[{"count":0,"href":"https:\/\/diariodominicano.com\/index.php?rest_route=\/wp\/v2\/posts\/70019\/revisions"}],"wp:attachment":[{"href":"https:\/\/diariodominicano.com\/index.php?rest_route=%2Fwp%2Fv2%2Fmedia&parent=70019"}],"wp:term":[{"taxonomy":"category","embeddable":true,"href":"https:\/\/diariodominicano.com\/index.php?rest_route=%2Fwp%2Fv2%2Fcategories&post=70019"},{"taxonomy":"post_tag","embeddable":true,"href":"https:\/\/diariodominicano.com\/index.php?rest_route=%2Fwp%2Fv2%2Ftags&post=70019"}],"curies":[{"name":"wp","href":"https:\/\/api.w.org\/{rel}","templated":true}]}}