{"id":70018,"date":"2009-05-21T12:22:14","date_gmt":"2009-05-21T12:22:14","guid":{"rendered":"http:\/\/diariodominicano.ddns.net\/?p=70018"},"modified":"2009-05-21T12:22:14","modified_gmt":"2009-05-21T12:22:14","slug":"unidos-en-primavera-ofrece-hermoso-e-importante-coctel-de-la-fundacion-alianza-de-corazones-en-apoyo-de-las-ninas-y-ninos-de-la-guarderia-infantil-san-martin-de-porres","status":"publish","type":"post","link":"https:\/\/diariodominicano.com\/?p=70018","title":{"rendered":"?Unidos en Primavera? ofrece hermoso e importante coctel  de la Fundaci\u00f3n Alianza de Corazones en apoyo de las ni\u00f1as y ni\u00f1os de la Guarder\u00eda Infantil San Mart\u00edn de Porres"},"content":{"rendered":"<p><body><\/p>\n<p><img decoding=\"async\" src=\"img3\/ninos.jpg\" \/>  <\/p>\n<p><span class=\"text1noticias\">Profesionales de diferentes \u00e1reas de la moda, decoraci\u00f3n,  perfumer\u00eda  y  accesorios celebraron un hermoso evento en apoyo a la Fundaci\u00f3n Alianza de Corazones una instituci\u00f3n sin fines de lucro que dirige un grupo de damas de esta ciudad, a beneficio de los ni\u00f1os y ni\u00f1as de la Guarder\u00eda Infantil San Mart\u00edn de Porres.<\/span><\/p>\n<p><span class=\"text1noticias\"> <\/span><\/p>\n<p><span class=\"text1noticias\">Mauricio Fern\u00e1ndez, Esteban Mart\u00ednez, Alexandra Germ\u00e1n, Michelle Selman y Maurizio Alberino fueron los profesionales que presentaron un trabajo el cual  comprendi\u00f3 desfile de moda y presentaci\u00f3n de finas lencer\u00edas, objetos de decoraci\u00f3n, aromas esenciales cargada de color y accesorios.<\/span><\/p>\n<p><span class=\"text1noticias\">Todo un trabajo preparado con  cuidado y cari\u00f1o para esta noble causa  y  presentado en la residencia de la se\u00f1ora A\u00edda Mar\u00eda Giudicelli, ensanche Julieta, en esta ciudad. La actividad cont\u00f3 con el respaldo de varias instituciones y organizaciones. <\/span><\/p>\n<p><span class=\"text1noticias\"> <\/span><\/p>\n<p><span class=\"text1noticias\">Esteban Mart\u00ednez<\/span><\/p>\n<p><span class=\"text1noticias\">La colecci\u00f3n de este reputado dise\u00f1ador dominicano es muy juvenil y est\u00e1 inspirada en Espa\u00f1a y el Tr\u00f3pico. El color blanco, su preferido,  y algunas que otras salidas  en tonos pasteles  y estampados se observan en su propuesta de temporada que denomin\u00f3  ?Colecci\u00f3n  Primavera Verano 2009?.<\/span><\/p>\n<p><span class=\"text1noticias\"> <\/span><\/p>\n<p><span class=\"text1noticias\">Mauricio Fern\u00e1ndez<\/span><\/p>\n<p><span class=\"text1noticias\">En la actividad que estuvo matizada por la alegr\u00eda, la dedicaci\u00f3n  y el entusiasmo, Mauricio Fern\u00e1ndez present\u00f3 su colecci\u00f3n de lencer\u00edas, inspirada en Marruecos con una gran descarga de colores primaverales y estilos. El polifac\u00e9tico profesional tambi\u00e9n fue el responsable de la direcci\u00f3n y organizaci\u00f3n  del evento.<\/span><\/p>\n<p><span class=\"text1noticias\"> <\/span><\/p>\n<p><span class=\"text1noticias\">Alexandra Germ\u00e1n<\/span><\/p>\n<p><span class=\"text1noticias\">Alquimia, as\u00ed se denomina la producci\u00f3n de esta  profesional donde los aromas y los colores juegan al ritmo del  vaiv\u00e9n de los olas del mar para el disfrute de todo tipo de p\u00fablico y en apoyo de la inocencia de un grupo de ni\u00f1os que han sido amparados por una mano altruista.<\/span><\/p>\n<p><span class=\"text1noticias\">Se trata, dice, Alexandra de una combinaci\u00f3n de las m\u00e1s exquisitas fragancias  y colores a trav\u00e9s de la pintura.<\/span><\/p>\n<p><span class=\"text1noticias\"> <\/span><\/p>\n<p><span class=\"text1noticias\">Michelle Selman<\/span><\/p>\n<p><span class=\"text1noticias\">Esta joven empresaria y dise\u00f1adora de finos accesorios presenta en la actividad  sus colecciones de temporada ? Marina ? y ?Michelle Vintach?, propuestas elaboradas con ricos materiales y donde su admiraci\u00f3n por la naturaleza queda reflejado en la escogencia cuidadosamente, de los elementos marinos que emplea precisamente en su colecci\u00f3n ?Marina?. <\/span><\/p>\n<p><span class=\"text1noticias\"> <\/span><\/p>\n<p><span class=\"text1noticias\">Alberino Vestimenta Italiana<\/span><\/p>\n<p><span class=\"text1noticias\">Es una marca de creada en el a\u00f1o 2001 para ofrecer al p\u00fablico una vestimenta formal e informal. El \u00e9xito de la marca  radica en una receta simple  y eficaz, optima  relaci\u00f3n  entre  calidad y precio  con un estilo contempor\u00e1neo y din\u00e1mico. Su propietario es Maurizio Aberino.<\/span><\/p>\n<p><span class=\"text1noticias\">Para m\u00e1s informaciones  sobre  la marca puede obtenerla a trav\u00e9s de www.alberino.com .do <\/span><\/p>\n<p><span class=\"text1noticias\"> <\/span><\/p>\n<p><span class=\"text1noticias\">Hoy se ha presentado todo  un manjar para favorecer con servicios de salud, educaci\u00f3n y alimentos  a los ni\u00f1os y ni\u00f1as de la Guarder\u00eda Infantil San Mart\u00edn de Porres, instituci\u00f3n apoyada por la Fundaci\u00f3n Alianza de Corazones presidida por la damas de nuestra sociedad: Mayerling Bonnelly, Marta Vargas ,  Cristina Barcel\u00f3, y dem\u00e1s miembros fundadores . <\/span><\/p>\n<\/p>\n<p><span class=\"text1noticias\">La filosof\u00eda altruista de la Fundaci\u00f3n Alianza de Corazones la sit\u00faa en una b\u00fasqueda incesante de recursos para promover el cambio social y encontrar un mundo m\u00e1s justo para decenas de ni\u00f1os y ni\u00f1as que residen amparados por  el albergue. Otras instituciones que respaldan esta encomiable labor son: Sociedad ben\u00e9fica Amor y Paz Inc , Amway Dominicana , Taller de Maderas S.A y Consorzio Ecoterra Abreu &amp; Soto,S.A . <\/span><\/p>\n<p><span class=\"text1noticias\"> <\/span><\/p>\n<p><span class=\"text1noticias\">Ubicaci\u00f3n<\/span><\/p>\n<p><span class=\"text1noticias\">La Guarder\u00eda Infantil San Mart\u00edn de Porres, est\u00e1 ubicada en el sector de Villa Marina, Carretera Duarte Km.9, en esta capital,  en el patio de la iglesia San Mart\u00edn de Porres con el apoyo del padre Bernardo Eguarras, para ofrecer ayuda a  ni\u00f1os muy necesitados y que  residen en una  ca\u00f1ada  localizada en el  mismo sector.<\/span><\/p>\n<p><span class=\"text1noticias\"> <\/span><\/p>\n<p><span class=\"text1noticias\">Servicios que ofrece la Guarder\u00eda<\/span><\/p>\n<p><span class=\"text1noticias\">A los ni\u00f1os con edades entre los dos y seis a\u00f1os  que acuden diariamente a la Guarder\u00eda,  la instituci\u00f3n les ofrece  servicios de educaci\u00f3n, desayuno, almuerzo, est\u00edmulo para su desarrollo inicial, higiene y asistencia m\u00e9dica, todo en  un  ambiente amoroso sano y familiar.<\/span><\/p>\n<p><span class=\"text1noticias\"> <\/span><\/p>\n<p><span class=\"text1noticias\"> Proyectos de la instituci\u00f3n<\/span><\/p>\n<p><span class=\"text1noticias\">&#8211; Mejorar sustancialmente el programa de alimentaci\u00f3n y nutrici\u00f3n  para de esta manera satisfacer las necesidades b\u00e1sicas y controlar el nivel de desnutrici\u00f3n con el que ingresan estos ni\u00f1os, asegurando al final de a\u00f1o que los mismos est\u00e9n dentro de los par\u00e1metros de talla y peso para su edad.<\/span><\/p>\n<p><span class=\"text1noticias\">&#8211; Mejorar sustancialmente un programa de asistencia.<\/span><\/p>\n<p><span class=\"text1noticias\">&#8211; Seguimiento a los programas de vacunaci\u00f3n establecidos por la Secretar\u00eda de Salud P\u00fablica.<\/span><\/p>\n<p><span class=\"text1noticias\">&#8211; Revisiones m\u00e9dicas peri\u00f3dicas y visita de nutricionistas.<\/span><\/p>\n<p><span class=\"text1noticias\">&#8211; Revisi\u00f3n dental anual.<\/span><\/p>\n<p><span class=\"text1noticias\">&#8211; Mejorar sustancialmente la estructura de educaci\u00f3n inicial para 50 ni\u00f1os con edades comprendidas entre 3 y 6 a\u00f1os que incluya necesidades escolares de  \u00fatiles escolares y otros materiales.<\/span><\/p>\n<p><span class=\"text1noticias\">&#8211; Contrataci\u00f3n de personal docente calificado.<\/span><\/p>\n<p><span class=\"text1noticias\"> <\/span><\/p>\n<p><span class=\"text1noticias\">Otros proyectos<\/span><\/p>\n<p><span class=\"text1noticias\">. Implementar Programa de capacitaci\u00f3n a padres o tutores de los ni\u00f1os que permita mejorar la calidad de vida de los ni\u00f1os, a trav\u00e9s de programas educativos y formativos de sus padres que incluya:<\/span><\/p>\n<p><span class=\"text1noticias\">? Programas del INFOTEP y\/o escuelas vocacionales.<\/span><\/p>\n<p><span class=\"text1noticias\">?Adquisici\u00f3n de una planta f\u00edsica propia para aumentar el n\u00famero de ni\u00f1os que recibir\u00e1n los servicios y el programa de educaci\u00f3n inicial.<\/span><\/p>\n<h6> 2009-05-21 12:22:14 <\/h6>\n<p><!--\n<link rel=\"stylesheet\" href=\"css\/bootstrap.min.css\">\n\n\n<ul class=\"pagination\">\n\t    \n\t\n\n<li >\n\t<a href='?page_no=21695'>Previous<\/a>\n\t<\/li>\n\n\n       \n    \n\n<li><a href='?page_no=1'>1<\/a><\/li>\n\n\n\n<li><a href='?page_no=2'>2<\/a><\/li>\n\n\n\n<li><a>...<\/a><\/li>\n\n\n\n<li><a href='?page_no=21694'>21694<\/a><\/li>\n\n\n\n<li><a href='?page_no=21695'>21695<\/a><\/li>\n\n\n\n<li class='active'><a>21696<\/a><\/li>\n\n\n\n<li><a href='?page_no=21697'>21697<\/a><\/li>\n\n\n\n<li><a href='?page_no=21698'>21698<\/a><\/li>\n\n\n\n<li><a>...<\/a><\/li>\n\n\n\n<li><a href='?page_no=22911'>22911<\/a><\/li>\n\n\n\n<li><a href='?page_no=22912'>22912<\/a><\/li>\n\n    \n\t\n\n<li >\n\t<a href='?page_no=21697'>Next<\/a>\n\t<\/li>\n\n\n    \n\n<li><a href='?page_no=22912'>Last &rsaquo;&rsaquo;<\/a><\/li>\n\n<\/ul>\n\n\n--><br \/>\n<\/body><\/p>\n","protected":false},"excerpt":{"rendered":"<p>Profesionales de diferentes \u00e1reas de la moda, decoraci\u00f3n, perfumer\u00eda y accesorios celebraron un hermoso evento en apoyo a la Fundaci\u00f3n Alianza de Corazones una instituci\u00f3n sin fines de lucro que dirige un grupo de damas de esta ciudad, a beneficio de los ni\u00f1os y ni\u00f1as de la Guarder\u00eda Infantil San Mart\u00edn de Porres. Mauricio Fern\u00e1ndez, [&hellip;]<\/p>\n","protected":false},"author":3,"featured_media":0,"comment_status":"open","ping_status":"open","sticky":false,"template":"","format":"standard","meta":{"footnotes":""},"categories":[21],"tags":[],"class_list":["post-70018","post","type-post","status-publish","format-standard","hentry","category-cultura"],"_links":{"self":[{"href":"https:\/\/diariodominicano.com\/index.php?rest_route=\/wp\/v2\/posts\/70018","targetHints":{"allow":["GET"]}}],"collection":[{"href":"https:\/\/diariodominicano.com\/index.php?rest_route=\/wp\/v2\/posts"}],"about":[{"href":"https:\/\/diariodominicano.com\/index.php?rest_route=\/wp\/v2\/types\/post"}],"author":[{"embeddable":true,"href":"https:\/\/diariodominicano.com\/index.php?rest_route=\/wp\/v2\/users\/3"}],"replies":[{"embeddable":true,"href":"https:\/\/diariodominicano.com\/index.php?rest_route=%2Fwp%2Fv2%2Fcomments&post=70018"}],"version-history":[{"count":0,"href":"https:\/\/diariodominicano.com\/index.php?rest_route=\/wp\/v2\/posts\/70018\/revisions"}],"wp:attachment":[{"href":"https:\/\/diariodominicano.com\/index.php?rest_route=%2Fwp%2Fv2%2Fmedia&parent=70018"}],"wp:term":[{"taxonomy":"category","embeddable":true,"href":"https:\/\/diariodominicano.com\/index.php?rest_route=%2Fwp%2Fv2%2Fcategories&post=70018"},{"taxonomy":"post_tag","embeddable":true,"href":"https:\/\/diariodominicano.com\/index.php?rest_route=%2Fwp%2Fv2%2Ftags&post=70018"}],"curies":[{"name":"wp","href":"https:\/\/api.w.org\/{rel}","templated":true}]}}