{"id":70015,"date":"2009-05-21T15:09:34","date_gmt":"2009-05-21T15:09:34","guid":{"rendered":"http:\/\/diariodominicano.ddns.net\/?p=70015"},"modified":"2009-05-21T15:09:34","modified_gmt":"2009-05-21T15:09:34","slug":"festival-cultural-de-huelva-sera-dedicado-a-republica-dominicana","status":"publish","type":"post","link":"https:\/\/diariodominicano.com\/?p=70015","title":{"rendered":"Festival Cultural de Huelva ser\u00e1 Dedicado a Rep\u00fablica Dominicana"},"content":{"rendered":"<p><body><\/p>\n<p><img decoding=\"async\" src=\"http:\/\/localhost:8080\/img3\/huelva.jpg\" \/>  <\/p>\n<p><span class=\"text1noticias\">La Secretar\u00eda de Estado de Cultura preparar\u00e1 programa para este importante festival espa\u00f1ol que incluye festival del libro, teatro, conciertos y eventos art\u00edsticos.<\/span><\/p>\n<\/p>\n<p><span class=\"text1noticias\">El Festival Oto\u00f1o Cultural Iberoamericano, que se celebra en Huelva, Espa\u00f1a, ser\u00e1 dedicado este a\u00f1o a Rep\u00fablica Dominicana.<\/span><\/p>\n<\/p>\n<p><span class=\"text1noticias\">Creado por iniciativa de la Fundaci\u00f3n Cultural Caja Rural del Sur, de Espa\u00f1a, este festival se realiza durante los meses de octubre y noviembre. Cuenta con una amplia y diversificada programaci\u00f3n cultural, que incluye teatro, danza, exposiciones de artes visuales, conciertos y un Sal\u00f3n del Libro. Tiene una duraci\u00f3n de cuatro semanas.<\/span><\/p>\n<\/p>\n<p><span class=\"text1noticias\">El festival tiene, entre sus principales objetivos, el de fortalecer el intercambio cultural y estrechar lazos culturales con la Comunidad Iberoamericana de Naciones. Sus directivos son destacadas figuras de entidades p\u00fablicas y privadas de Huelva.<\/span><\/p>\n<\/p>\n<p><span class=\"text1noticias\">Junto a Rep\u00fablica Dominicana, el festival se dedicar\u00e1 este a\u00f1o a Cuba y Puerto Rico, que ya han asegurado un amplio programa cultural.<\/span><\/p>\n<\/p>\n<p><span class=\"text1noticias\">Con la finalidad de coordinar la participaci\u00f3n dominicana, visit\u00f3 recientemente el pa\u00eds una comisi\u00f3n del Festival de Huelva, integrado por su presidente Jaime de Vicente N\u00fa\u00f1ez y la se\u00f1ora Mar\u00eda Dolores Bosque Alonso, quienes expresaron su inter\u00e9s de que la Rep\u00fablica Dominicana participe con una gran delegaci\u00f3n en este importante evento cultural.<\/span><\/p>\n<\/p>\n<p><span class=\"text1noticias\">Durante su visita a Santo Domingo, los funcionarios espa\u00f1oles visitaron museos y teatros, y participaron en la Feria Internacional del Libro.<\/span><\/p>\n<h6> 2009-05-21 15:09:34 <\/h6>\n<p><!--\n<link rel=\"stylesheet\" href=\"css\/bootstrap.min.css\">\n\n\n<ul class=\"pagination\">\n\t    \n\t\n\n<li >\n\t<a href='?page_no=21692'>Previous<\/a>\n\t<\/li>\n\n\n       \n    \n\n<li><a href='?page_no=1'>1<\/a><\/li>\n\n\n\n<li><a href='?page_no=2'>2<\/a><\/li>\n\n\n\n<li><a>...<\/a><\/li>\n\n\n\n<li><a href='?page_no=21691'>21691<\/a><\/li>\n\n\n\n<li><a href='?page_no=21692'>21692<\/a><\/li>\n\n\n\n<li class='active'><a>21693<\/a><\/li>\n\n\n\n<li><a href='?page_no=21694'>21694<\/a><\/li>\n\n\n\n<li><a href='?page_no=21695'>21695<\/a><\/li>\n\n\n\n<li><a>...<\/a><\/li>\n\n\n\n<li><a href='?page_no=22911'>22911<\/a><\/li>\n\n\n\n<li><a href='?page_no=22912'>22912<\/a><\/li>\n\n    \n\t\n\n<li >\n\t<a href='?page_no=21694'>Next<\/a>\n\t<\/li>\n\n\n    \n\n<li><a href='?page_no=22912'>Last &rsaquo;&rsaquo;<\/a><\/li>\n\n<\/ul>\n\n\n--><br \/>\n<\/body><\/p>\n","protected":false},"excerpt":{"rendered":"<p>La Secretar\u00eda de Estado de Cultura preparar\u00e1 programa para este importante festival espa\u00f1ol que incluye festival del libro, teatro, conciertos y eventos art\u00edsticos. El Festival Oto\u00f1o Cultural Iberoamericano, que se celebra en Huelva, Espa\u00f1a, ser\u00e1 dedicado este a\u00f1o a Rep\u00fablica Dominicana. Creado por iniciativa de la Fundaci\u00f3n Cultural Caja Rural del Sur, de Espa\u00f1a, este [&hellip;]<\/p>\n","protected":false},"author":3,"featured_media":0,"comment_status":"open","ping_status":"open","sticky":false,"template":"","format":"standard","meta":{"footnotes":""},"categories":[21],"tags":[],"class_list":["post-70015","post","type-post","status-publish","format-standard","hentry","category-cultura"],"_links":{"self":[{"href":"https:\/\/diariodominicano.com\/index.php?rest_route=\/wp\/v2\/posts\/70015","targetHints":{"allow":["GET"]}}],"collection":[{"href":"https:\/\/diariodominicano.com\/index.php?rest_route=\/wp\/v2\/posts"}],"about":[{"href":"https:\/\/diariodominicano.com\/index.php?rest_route=\/wp\/v2\/types\/post"}],"author":[{"embeddable":true,"href":"https:\/\/diariodominicano.com\/index.php?rest_route=\/wp\/v2\/users\/3"}],"replies":[{"embeddable":true,"href":"https:\/\/diariodominicano.com\/index.php?rest_route=%2Fwp%2Fv2%2Fcomments&post=70015"}],"version-history":[{"count":0,"href":"https:\/\/diariodominicano.com\/index.php?rest_route=\/wp\/v2\/posts\/70015\/revisions"}],"wp:attachment":[{"href":"https:\/\/diariodominicano.com\/index.php?rest_route=%2Fwp%2Fv2%2Fmedia&parent=70015"}],"wp:term":[{"taxonomy":"category","embeddable":true,"href":"https:\/\/diariodominicano.com\/index.php?rest_route=%2Fwp%2Fv2%2Fcategories&post=70015"},{"taxonomy":"post_tag","embeddable":true,"href":"https:\/\/diariodominicano.com\/index.php?rest_route=%2Fwp%2Fv2%2Ftags&post=70015"}],"curies":[{"name":"wp","href":"https:\/\/api.w.org\/{rel}","templated":true}]}}