{"id":70014,"date":"2009-05-21T18:36:29","date_gmt":"2009-05-21T18:36:29","guid":{"rendered":"http:\/\/diariodominicano.ddns.net\/?p=70014"},"modified":"2009-05-21T18:36:29","modified_gmt":"2009-05-21T18:36:29","slug":"centro-correccion-de-najayo-mujeres-obtiene-el-primer-lugar-en-nueve-renglones-en-el-primer-festival-de-internos-penitenciarios","status":"publish","type":"post","link":"https:\/\/diariodominicano.com\/?p=70014","title":{"rendered":"CENTRO CORRECCI\u00d3N DE NAJAYO MUJERES OBTIENE EL PRIMER LUGAR EN NUEVE RENGLONES EN EL PRIMER FESTIVAL DE INTERNOS PENITENCIARIOS"},"content":{"rendered":"<p><body><\/p>\n<p><img decoding=\"async\" src=\"http:\/\/localhost:8080\/img3\/fetiva.jpg\" \/>  <\/p>\n<p><span class=\"text1noticias\">El Centro de Correcci\u00f3n y Rehabilitaci\u00f3n Najayo Mujeres, obtuvo el primer lugar, al obtener nueve premiaciones, en el marco del Primer Festival Nacional Art\u00edstico y Cultural del Nuevo Modelo de Gesti\u00f3n Penitenciaria, realizado este mi\u00e9rcoles, en el Auditorio de la Procuradur\u00eda General de la Rep\u00fablica.<\/span><\/p>\n<\/p>\n<p><span class=\"text1noticias\">La puntuaci\u00f3n m\u00e1s alta la obtuvo el interno Pedro Antonio Mat\u00edas, en el rengl\u00f3n Solista con los 50 puntos posibles, en representaci\u00f3n del Centro de Correcci\u00f3n y Rehabilitaci\u00f3n de Dajab\u00f3n, mientras que en el segundo lugar se produjo un empate entre las Carolin Bermudez y Yissel de los Santos con 49 puntos, ambas en representaci\u00f3n del CCR Najayo Mujeres.<\/span><\/p>\n<\/p>\n<p><span class=\"text1noticias\">El festival forma parte de las actividades que realizan los internos dentro del Nuevo Modelo de Gesti\u00f3n Penitenciaria, que impulsan autoridades del pa\u00eds, encabezadas por el procurador general de la Rep\u00fablica, doctor Radham\u00e9s Jim\u00e9nez Pe\u00f1a, y el licenciado Roberto Santana, coordinador nacional del nuevo sistema.<\/span><\/p>\n<\/p>\n<p><span class=\"text1noticias\">En el rengl\u00f3n grupo de Teatro el primer premio correspondi\u00f3 al grupo ?Los Implacables?, mientras que el Grupo recuento, obtuvo el Segundo lugar y el tercer lugar correspondi\u00f3 a la representaci\u00f3n de Puerto Plata.<\/span><\/p>\n<\/p>\n<p><span class=\"text1noticias\">La categor\u00eda de Baile tuvo como ganador de la estatuilla del primer lugar al grupo las mariposas de Rafey Mujeres con 48 puntos en tanto que los seguno y tercer lugar fueron ocupados los grupos La Liberaci\u00f3n de Najayo Mujeres y los rehabilitados respectivamente. <\/span><\/p>\n<\/p>\n<p><span class=\"text1noticias\">De su lado, los Centros de Correcci\u00f3n y Rehabilitaci\u00f3n de Rafey Mujeres, Mao, Rafey Hombres, Haras Nacionales, Puerto Plata y Dajab\u00f3n, compartieron los segundos y terceros lugares.<\/span><\/p>\n<\/p>\n<p><span class=\"text1noticias\">El Centro de Correcci\u00f3n y Rehabilitaci\u00f3n Najayo Mujeres, obtuvo la mayor cantidad de premios, en los renglones de teatro, D\u00fao, Grupo Musical, Baile, Declamaci\u00f3n, Poes\u00eda Coreada y Solista.<\/span><\/p>\n<\/p>\n<p><span class=\"text1noticias\">En tanto que los CCRs de Rafey Mujeres, Puerto Plata y Najayo Mujeres, tambi\u00e9n se dividieron los terceros lugares, en los renglones de Teatro, Coro, D\u00fao, Grupo M\u00fasico Vocal y Baile, respectivamente. <\/span><\/p>\n<\/p>\n<p><span class=\"text1noticias\">Los participantes actuaron en representaci\u00f3n de los diez CCRs que pertenecen al Modelo de Gestion Penitenciaria que son San Felipe Puerto Plata, Rafey Hombres y Mujeres, Vista al Valle, Haras Nacionales, Monte Plata, Valverde Mao, Dajab\u00f3n, El\u00edas Pi\u00f1a y Najayo Mujeres.<\/span><\/p>\n<\/p>\n<p><span class=\"text1noticias\">Personalidades, como Jochy Santos, Severo Rivera Cristian Jim\u00e9nez, Mateo Morrison, Jorge Ramos, Jos\u00e9 Rafael Sosa, Aurora Mart\u00ednez, Jos\u00e9 Antonio Rodr\u00edguez y el Comisionado para la Reforma y Modernizaci\u00f3n del Estado, el doctor Lino V\u00e1squez, coincidieron en se\u00f1alar, que el Nuevo Modelo de Gesti\u00f3n Penitenciaria, ha demostrado ser el camino, para la rehabilitaci\u00f3n y la reinserci\u00f3n social de los privados de libertad.<\/span><\/p>\n<\/p>\n<p><span class=\"text1noticias\">Minutos antes de iniciar la actividad el licenciado Roberto Santana dio la infausta Noticia de la Muerte del Director General de Aduanas Lic. Miguel Cocco, y se decidi\u00f3 continuar con el espect\u00e1culo \u00e9sta vez en memoria del funcionario fallecido y se guard\u00f3 un minuto de silencio y luego un minuto de aplausos<\/span><\/p>\n<h6> 2009-05-21 18:36:29 <\/h6>\n<p><!--\n<link rel=\"stylesheet\" href=\"css\/bootstrap.min.css\">\n\n\n<ul class=\"pagination\">\n\t    \n\t\n\n<li >\n\t<a href='?page_no=21691'>Previous<\/a>\n\t<\/li>\n\n\n       \n    \n\n<li><a href='?page_no=1'>1<\/a><\/li>\n\n\n\n<li><a href='?page_no=2'>2<\/a><\/li>\n\n\n\n<li><a>...<\/a><\/li>\n\n\n\n<li><a href='?page_no=21690'>21690<\/a><\/li>\n\n\n\n<li><a href='?page_no=21691'>21691<\/a><\/li>\n\n\n\n<li class='active'><a>21692<\/a><\/li>\n\n\n\n<li><a href='?page_no=21693'>21693<\/a><\/li>\n\n\n\n<li><a href='?page_no=21694'>21694<\/a><\/li>\n\n\n\n<li><a>...<\/a><\/li>\n\n\n\n<li><a href='?page_no=22911'>22911<\/a><\/li>\n\n\n\n<li><a href='?page_no=22912'>22912<\/a><\/li>\n\n    \n\t\n\n<li >\n\t<a href='?page_no=21693'>Next<\/a>\n\t<\/li>\n\n\n    \n\n<li><a href='?page_no=22912'>Last &rsaquo;&rsaquo;<\/a><\/li>\n\n<\/ul>\n\n\n--><br \/>\n<\/body><\/p>\n","protected":false},"excerpt":{"rendered":"<p>El Centro de Correcci\u00f3n y Rehabilitaci\u00f3n Najayo Mujeres, obtuvo el primer lugar, al obtener nueve premiaciones, en el marco del Primer Festival Nacional Art\u00edstico y Cultural del Nuevo Modelo de Gesti\u00f3n Penitenciaria, realizado este mi\u00e9rcoles, en el Auditorio de la Procuradur\u00eda General de la Rep\u00fablica. La puntuaci\u00f3n m\u00e1s alta la obtuvo el interno Pedro Antonio [&hellip;]<\/p>\n","protected":false},"author":3,"featured_media":0,"comment_status":"open","ping_status":"open","sticky":false,"template":"","format":"standard","meta":{"footnotes":""},"categories":[21],"tags":[],"class_list":["post-70014","post","type-post","status-publish","format-standard","hentry","category-cultura"],"_links":{"self":[{"href":"https:\/\/diariodominicano.com\/index.php?rest_route=\/wp\/v2\/posts\/70014","targetHints":{"allow":["GET"]}}],"collection":[{"href":"https:\/\/diariodominicano.com\/index.php?rest_route=\/wp\/v2\/posts"}],"about":[{"href":"https:\/\/diariodominicano.com\/index.php?rest_route=\/wp\/v2\/types\/post"}],"author":[{"embeddable":true,"href":"https:\/\/diariodominicano.com\/index.php?rest_route=\/wp\/v2\/users\/3"}],"replies":[{"embeddable":true,"href":"https:\/\/diariodominicano.com\/index.php?rest_route=%2Fwp%2Fv2%2Fcomments&post=70014"}],"version-history":[{"count":0,"href":"https:\/\/diariodominicano.com\/index.php?rest_route=\/wp\/v2\/posts\/70014\/revisions"}],"wp:attachment":[{"href":"https:\/\/diariodominicano.com\/index.php?rest_route=%2Fwp%2Fv2%2Fmedia&parent=70014"}],"wp:term":[{"taxonomy":"category","embeddable":true,"href":"https:\/\/diariodominicano.com\/index.php?rest_route=%2Fwp%2Fv2%2Fcategories&post=70014"},{"taxonomy":"post_tag","embeddable":true,"href":"https:\/\/diariodominicano.com\/index.php?rest_route=%2Fwp%2Fv2%2Ftags&post=70014"}],"curies":[{"name":"wp","href":"https:\/\/api.w.org\/{rel}","templated":true}]}}