{"id":70013,"date":"2009-05-21T18:52:17","date_gmt":"2009-05-21T18:52:17","guid":{"rendered":"http:\/\/diariodominicano.ddns.net\/?p=70013"},"modified":"2009-05-21T18:52:17","modified_gmt":"2009-05-21T18:52:17","slug":"producido-por-la-uasd-nominan-en-brasil-documental-carne-de-la-pasion","status":"publish","type":"post","link":"https:\/\/diariodominicano.com\/?p=70013","title":{"rendered":"Producido por la UASD Nominan en Brasil documental ?Carne de la Pasi\u00f3n?"},"content":{"rendered":"<p><body><\/p>\n<p><span class=\"text1noticias\">El documental ?Carne de la Pasi\u00f3n?, producido por la Universidad Aut\u00f3noma de Santo Domingo, UASD,  y dirigido por  \u00c1ngel Ruiz Baz\u00e1n, en representaci\u00f3n de la Rep\u00fablica Dominicana, est\u00e1 nominado para participar en el 16 Festival Internacional Iberoamericano de Cine y Video, CINESUL 2009. <\/span><\/p>\n<\/p>\n<p><span class=\"text1noticias\">El evento ser\u00e1 celebrado del 15 al 28 de junio de este a\u00f1o, en la ciudad de R\u00edo de Janeiro, Brasil, donde est\u00e1n nominadas 79 producciones cinematogr\u00e1ficas de iberoam\u00e9rica, que competir\u00e1n en los renglones:   Documentales, Ficci\u00f3n, Cortos y Medias. <\/span><\/p>\n<\/p>\n<p><span class=\"text1noticias\">Ruiz Baz\u00e1n inform\u00f3 que ?Carne de la Pasi\u00f3n? trata sobre la ?Flagelaci\u00f3n?, que  era  medio de purificaci\u00f3n y penitencia que usaban los pueblos antiguos. <\/span><\/p>\n<\/p>\n<p><span class=\"text1noticias\">El autor del documental es un cineasta reconocido a nivel nacional,  porque ha trabajo en  importantes producciones cinematogr\u00e1ficas, entre las que se destacan Robocop, La muerte de Mikel y los ?Se\u00f1ores del Acero?.   <\/span><\/p>\n<\/p>\n<p><span class=\"text1noticias\">En  el pa\u00eds, Ruiz Baz\u00e1n es  autor del documental  de investigaci\u00f3n ?Universidad de Santo Domingo, La Primada de Am\u00e9rica?, grabado en la Rep\u00fablica Dominicana, Cuba y Espa\u00f1a, desarrollado del 2001 al 2005.   <\/span><\/p>\n<\/p>\n<p><span class=\"text1noticias\">El 22 de abril de este a\u00f1o,  present\u00f3 su ultima producci\u00f3n ?M\u00e1s All\u00e1 del Bien o del Mal?, que trata sobre el aborto en nuestra naci\u00f3n dominicana.   <\/span><\/p>\n<h6> 2009-05-21 18:52:17 <\/h6>\n<p><!--\n<link rel=\"stylesheet\" href=\"css\/bootstrap.min.css\">\n\n\n<ul class=\"pagination\">\n\t    \n\t\n\n<li >\n\t<a href='?page_no=21690'>Previous<\/a>\n\t<\/li>\n\n\n       \n    \n\n<li><a href='?page_no=1'>1<\/a><\/li>\n\n\n\n<li><a href='?page_no=2'>2<\/a><\/li>\n\n\n\n<li><a>...<\/a><\/li>\n\n\n\n<li><a href='?page_no=21689'>21689<\/a><\/li>\n\n\n\n<li><a href='?page_no=21690'>21690<\/a><\/li>\n\n\n\n<li class='active'><a>21691<\/a><\/li>\n\n\n\n<li><a href='?page_no=21692'>21692<\/a><\/li>\n\n\n\n<li><a href='?page_no=21693'>21693<\/a><\/li>\n\n\n\n<li><a>...<\/a><\/li>\n\n\n\n<li><a href='?page_no=22911'>22911<\/a><\/li>\n\n\n\n<li><a href='?page_no=22912'>22912<\/a><\/li>\n\n    \n\t\n\n<li >\n\t<a href='?page_no=21692'>Next<\/a>\n\t<\/li>\n\n\n    \n\n<li><a href='?page_no=22912'>Last &rsaquo;&rsaquo;<\/a><\/li>\n\n<\/ul>\n\n\n--><br \/>\n<\/body><\/p>\n","protected":false},"excerpt":{"rendered":"<p>El documental ?Carne de la Pasi\u00f3n?, producido por la Universidad Aut\u00f3noma de Santo Domingo, UASD, y dirigido por \u00c1ngel Ruiz Baz\u00e1n, en representaci\u00f3n de la Rep\u00fablica Dominicana, est\u00e1 nominado para participar en el 16 Festival Internacional Iberoamericano de Cine y Video, CINESUL 2009. El evento ser\u00e1 celebrado del 15 al 28 de junio de este [&hellip;]<\/p>\n","protected":false},"author":3,"featured_media":0,"comment_status":"open","ping_status":"open","sticky":false,"template":"","format":"standard","meta":{"footnotes":""},"categories":[21],"tags":[],"class_list":["post-70013","post","type-post","status-publish","format-standard","hentry","category-cultura"],"_links":{"self":[{"href":"https:\/\/diariodominicano.com\/index.php?rest_route=\/wp\/v2\/posts\/70013","targetHints":{"allow":["GET"]}}],"collection":[{"href":"https:\/\/diariodominicano.com\/index.php?rest_route=\/wp\/v2\/posts"}],"about":[{"href":"https:\/\/diariodominicano.com\/index.php?rest_route=\/wp\/v2\/types\/post"}],"author":[{"embeddable":true,"href":"https:\/\/diariodominicano.com\/index.php?rest_route=\/wp\/v2\/users\/3"}],"replies":[{"embeddable":true,"href":"https:\/\/diariodominicano.com\/index.php?rest_route=%2Fwp%2Fv2%2Fcomments&post=70013"}],"version-history":[{"count":0,"href":"https:\/\/diariodominicano.com\/index.php?rest_route=\/wp\/v2\/posts\/70013\/revisions"}],"wp:attachment":[{"href":"https:\/\/diariodominicano.com\/index.php?rest_route=%2Fwp%2Fv2%2Fmedia&parent=70013"}],"wp:term":[{"taxonomy":"category","embeddable":true,"href":"https:\/\/diariodominicano.com\/index.php?rest_route=%2Fwp%2Fv2%2Fcategories&post=70013"},{"taxonomy":"post_tag","embeddable":true,"href":"https:\/\/diariodominicano.com\/index.php?rest_route=%2Fwp%2Fv2%2Ftags&post=70013"}],"curies":[{"name":"wp","href":"https:\/\/api.w.org\/{rel}","templated":true}]}}