{"id":70010,"date":"2009-05-22T13:46:56","date_gmt":"2009-05-22T13:46:56","guid":{"rendered":"http:\/\/diariodominicano.ddns.net\/?p=70010"},"modified":"2009-05-22T13:46:56","modified_gmt":"2009-05-22T13:46:56","slug":"fernandez-asiste-puesta-en-circulacion-de-edicion-especial-de-la-obra-la-manosa","status":"publish","type":"post","link":"https:\/\/diariodominicano.com\/?p=70010","title":{"rendered":"Fern\u00e1ndez asiste puesta en circulaci\u00f3n de edici\u00f3n especial de la obra La Ma\u00f1osa"},"content":{"rendered":"<p><body><\/p>\n<p><img decoding=\"async\" src=\"http:\/\/localhost:8080\/img3\/ma%C3%83%C2%B1o.jpg\" \/>  <\/p>\n<p><span class=\"text1noticias\">SEVILLA, Espa\u00f1a.- El presidente Leonel Fern\u00e1ndez presidio la puesta en circulaci\u00f3n de una edici\u00f3n especial de la novela La Ma\u00f1osa, de la autor\u00eda del profesor Juan Bosch, en el marco de la celebraci\u00f3n, en el plano internacional, del centenario del afamado escritor y pol\u00edtico. <\/span><\/p>\n<\/p>\n<p><span class=\"text1noticias\">La obra fue editada por la Fundaci\u00f3n Tres Culturas del Mediterr\u00e1neo, entidad que opera en el Monasterio de la Cartuja, que tiene su sede en la Universidad Internacional de Andaluc\u00eda.<\/span><\/p>\n<\/p>\n<p><span class=\"text1noticias\">La editora Almuzara tuvo la responsable de la impresi\u00f3n de la obra, cuyo prologo fue redactado por el embajador dominicano en Argentina, Guillermo Pi\u00f1a Contreras.<\/span><\/p>\n<\/p>\n<p><span class=\"text1noticias\">Pi\u00f1a Contreras explic\u00f3 que la obra relata una \u00e9poca importante del ex presidente y fundador del Partido de la Liberaci\u00f3n Dominicano, un maestro del g\u00e9nero cuento.<\/span><\/p>\n<\/p>\n<p><span class=\"text1noticias\">Las palabras de apertura del acto estuvieron a cargo de la Consejera de Cultura, Rosa Torres Ruiz, que ponder\u00f3 la calidad de la edici\u00f3n especial y la dimensi\u00f3n de  Juan Bosch.<\/span><\/p>\n<\/p>\n<p><span class=\"text1noticias\">La mesa principal estuvo encabezada por el presidente Fern\u00e1ndez, por la primera dama, Margarita Cede\u00f1o de Fern\u00e1ndez y por el rector de la Universidad Internacional de Andaluc\u00eda, Juan Manuel Su\u00e1rez Jap\u00f3n.<\/span><\/p>\n<\/p>\n<p><span class=\"text1noticias\">En la actividad, estuvieron presentes, el embajador dominicano en Espa\u00f1a, Cesar Medina, Roberto Cassa, director general del Archivo General de la Nacional, Juan Daniel Balcacer, presidente de la Comisi\u00f3n de Efem\u00e9rides Patrias y Ellis P\u00e9rez, presidente del Consejo  Directivo  de CERTV.<\/span><\/p>\n<\/p>\n<p><span class=\"text1noticias\">Previo a ese acto, el mandatario asisti\u00f3 a la inauguraci\u00f3n de la exposici\u00f3n ?Exilio Republicano Espa\u00f1ol en Republica Dominicana?, organizada por el Archivo General de la Naci\u00f3n y el Centro de Estudios Andaluces, en Sevilla.<\/span><\/p>\n<\/p>\n<p><span class=\"text1noticias\">Republica Dominicana se convirti\u00f3 en la segunda naci\u00f3n en recibir el mayor n\u00famero de refugiados espa\u00f1oles de esa \u00e9poca. <\/span><\/p>\n<h6> 2009-05-22 13:46:56 <\/h6>\n<p><!--\n<link rel=\"stylesheet\" href=\"css\/bootstrap.min.css\">\n\n\n<ul class=\"pagination\">\n\t    \n\t\n\n<li >\n\t<a href='?page_no=21687'>Previous<\/a>\n\t<\/li>\n\n\n       \n    \n\n<li><a href='?page_no=1'>1<\/a><\/li>\n\n\n\n<li><a href='?page_no=2'>2<\/a><\/li>\n\n\n\n<li><a>...<\/a><\/li>\n\n\n\n<li><a href='?page_no=21686'>21686<\/a><\/li>\n\n\n\n<li><a href='?page_no=21687'>21687<\/a><\/li>\n\n\n\n<li class='active'><a>21688<\/a><\/li>\n\n\n\n<li><a href='?page_no=21689'>21689<\/a><\/li>\n\n\n\n<li><a href='?page_no=21690'>21690<\/a><\/li>\n\n\n\n<li><a>...<\/a><\/li>\n\n\n\n<li><a href='?page_no=22911'>22911<\/a><\/li>\n\n\n\n<li><a href='?page_no=22912'>22912<\/a><\/li>\n\n    \n\t\n\n<li >\n\t<a href='?page_no=21689'>Next<\/a>\n\t<\/li>\n\n\n    \n\n<li><a href='?page_no=22912'>Last &rsaquo;&rsaquo;<\/a><\/li>\n\n<\/ul>\n\n\n--><br \/>\n<\/body><\/p>\n","protected":false},"excerpt":{"rendered":"<p>SEVILLA, Espa\u00f1a.- El presidente Leonel Fern\u00e1ndez presidio la puesta en circulaci\u00f3n de una edici\u00f3n especial de la novela La Ma\u00f1osa, de la autor\u00eda del profesor Juan Bosch, en el marco de la celebraci\u00f3n, en el plano internacional, del centenario del afamado escritor y pol\u00edtico. La obra fue editada por la Fundaci\u00f3n Tres Culturas del Mediterr\u00e1neo, [&hellip;]<\/p>\n","protected":false},"author":3,"featured_media":0,"comment_status":"open","ping_status":"open","sticky":false,"template":"","format":"standard","meta":{"footnotes":""},"categories":[21],"tags":[],"class_list":["post-70010","post","type-post","status-publish","format-standard","hentry","category-cultura"],"_links":{"self":[{"href":"https:\/\/diariodominicano.com\/index.php?rest_route=\/wp\/v2\/posts\/70010","targetHints":{"allow":["GET"]}}],"collection":[{"href":"https:\/\/diariodominicano.com\/index.php?rest_route=\/wp\/v2\/posts"}],"about":[{"href":"https:\/\/diariodominicano.com\/index.php?rest_route=\/wp\/v2\/types\/post"}],"author":[{"embeddable":true,"href":"https:\/\/diariodominicano.com\/index.php?rest_route=\/wp\/v2\/users\/3"}],"replies":[{"embeddable":true,"href":"https:\/\/diariodominicano.com\/index.php?rest_route=%2Fwp%2Fv2%2Fcomments&post=70010"}],"version-history":[{"count":0,"href":"https:\/\/diariodominicano.com\/index.php?rest_route=\/wp\/v2\/posts\/70010\/revisions"}],"wp:attachment":[{"href":"https:\/\/diariodominicano.com\/index.php?rest_route=%2Fwp%2Fv2%2Fmedia&parent=70010"}],"wp:term":[{"taxonomy":"category","embeddable":true,"href":"https:\/\/diariodominicano.com\/index.php?rest_route=%2Fwp%2Fv2%2Fcategories&post=70010"},{"taxonomy":"post_tag","embeddable":true,"href":"https:\/\/diariodominicano.com\/index.php?rest_route=%2Fwp%2Fv2%2Ftags&post=70010"}],"curies":[{"name":"wp","href":"https:\/\/api.w.org\/{rel}","templated":true}]}}